{"id":78918,"date":"2025-11-12T18:21:09","date_gmt":"2025-11-12T18:21:09","guid":{"rendered":"https:\/\/www.europesays.com\/se\/78918\/"},"modified":"2025-11-12T18:21:09","modified_gmt":"2025-11-12T18:21:09","slug":"mats-lusth-far-sparken-fran-tyringe","status":"publish","type":"post","link":"https:\/\/www.europesays.com\/se\/78918\/","title":{"rendered":"Mats Lusth f\u00e5r sparken fr\u00e5n Tyringe"},"content":{"rendered":"<p><strong>Tyringe har f\u00e5tt en tung start p\u00e5 <a href=\"https:\/\/hockeysverige.se\/hockeyettan\/\" rel=\"nofollow noopener\" target=\"_blank\">Hockeyettan<\/a>. Nu st\u00e5r det klart att Mats Lusth f\u00e5r sparken som huvudtr\u00e4nare f\u00f6r klubben.<\/strong><\/p>\n<p><img loading=\"lazy\" decoding=\"async\" width=\"1024\" height=\"658\" src=\"https:\/\/www.europesays.com\/se\/wp-content\/uploads\/2025\/11\/Mats-Lusth-1024x658.webp.webp\" alt=\"\" class=\"wp-image-324723\"  \/>Tyringe hockeys tr\u00e4nare Mats Lusth f\u00f6rbereder sig f\u00f6r att k\u00f6ra lagets buss till en bortamatch den 29 januari 2025 i Tyringe. <br \/>Foto: Christian \u00d6rnberg \/ Bildbyr\u00e5n.<\/p>\n<p>Mats Lusth har ett gediget cv b\u00e5de som tr\u00e4nare och spelare. Det var inf\u00f6r den f\u00f6rra s\u00e4songen som profilen tog \u00f6ver Tyringe i Hockeyettan. D\u00e4r han den h\u00e4r s\u00e4songen gick in p\u00e5 sitt andra \u00e5r i klubben. Men nu v\u00e4ljer sk\u00e5ningarna att <a href=\"https:\/\/www.instagram.com\/p\/DQ9m25YjZid\/\" rel=\"nofollow noopener\" target=\"_blank\">g\u00f6ra f\u00f6r\u00e4ndringar<\/a> i tr\u00e4narstaben.<\/p>\n<p>De ligger efter tio omg\u00e5ngar p\u00e5 elva po\u00e4ng och en 15:e plats i Hockeyettan S\u00f6dra.<\/p>\n<p>Det f\u00e5r nu ledningen att agera. Inf\u00f6r kv\u00e4llens match mot Bor\u00e5s kommer beskedet att Mats Lusth f\u00e5r sparken och att sportchefen Fredrik Arvidsson kliver ner i b\u00e5set. Det \u00e4r, enligt klubben, en tempor\u00e4r l\u00f6sning och tanken \u00e4r nu att hitta en mer permanent l\u00f6sning fram\u00f6ver.<\/p>\n<p>63-\u00e5ringen har tidigare tr\u00e4nat bland annat Malm\u00f6 och Mora, d\u00e4r han var med och tog upp Malm\u00f6 i SHL 2015. Som spelare vann han tre SM-guld och gjorde \u00f6ver 500 matcher i Elitserien. Vad som v\u00e4ntar nu f\u00f6r profilen \u00e5terst\u00e5r att se.<\/p>\n<p><script async src=\"\/\/www.instagram.com\/embed.js\"><\/script><\/p>\n","protected":false},"excerpt":{"rendered":"Tyringe har f\u00e5tt en tung start p\u00e5 Hockeyettan. Nu st\u00e5r det klart att Mats Lusth f\u00e5r sparken som&hellip;\n","protected":false},"author":2,"featured_media":78919,"comment_status":"","ping_status":"","sticky":false,"template":"","format":"standard","meta":{"footnotes":""},"categories":[68],"tags":[1400,34,133,111,110,31,33,32,30],"class_list":{"0":"post-78918","1":"post","2":"type-post","3":"status-publish","4":"format-standard","5":"has-post-thumbnail","7":"category-sport","8":"tag-hockeyettan","9":"tag-se","10":"tag-second-news","11":"tag-sport","12":"tag-sports","13":"tag-svenska","14":"tag-sverige","15":"tag-sweden","16":"tag-swedish"},"share_on_mastodon":{"url":"https:\/\/pubeurope.com\/@se\/115538119019641319","error":""},"_links":{"self":[{"href":"https:\/\/www.europesays.com\/se\/wp-json\/wp\/v2\/posts\/78918","targetHints":{"allow":["GET"]}}],"collection":[{"href":"https:\/\/www.europesays.com\/se\/wp-json\/wp\/v2\/posts"}],"about":[{"href":"https:\/\/www.europesays.com\/se\/wp-json\/wp\/v2\/types\/post"}],"author":[{"embeddable":true,"href":"https:\/\/www.europesays.com\/se\/wp-json\/wp\/v2\/users\/2"}],"replies":[{"embeddable":true,"href":"https:\/\/www.europesays.com\/se\/wp-json\/wp\/v2\/comments?post=78918"}],"version-history":[{"count":0,"href":"https:\/\/www.europesays.com\/se\/wp-json\/wp\/v2\/posts\/78918\/revisions"}],"wp:featuredmedia":[{"embeddable":true,"href":"https:\/\/www.europesays.com\/se\/wp-json\/wp\/v2\/media\/78919"}],"wp:attachment":[{"href":"https:\/\/www.europesays.com\/se\/wp-json\/wp\/v2\/media?parent=78918"}],"wp:term":[{"taxonomy":"category","embeddable":true,"href":"https:\/\/www.europesays.com\/se\/wp-json\/wp\/v2\/categories?post=78918"},{"taxonomy":"post_tag","embeddable":true,"href":"https:\/\/www.europesays.com\/se\/wp-json\/wp\/v2\/tags?post=78918"}],"curies":[{"name":"wp","href":"https:\/\/api.w.org\/{rel}","templated":true}]}}