{"id":78930,"date":"2025-11-12T18:29:10","date_gmt":"2025-11-12T18:29:10","guid":{"rendered":"https:\/\/www.europesays.com\/se\/78930\/"},"modified":"2025-11-12T18:29:10","modified_gmt":"2025-11-12T18:29:10","slug":"ifk-goteborg-vill-forlanga-kontraktet-med-marcus-berg","status":"publish","type":"post","link":"https:\/\/www.europesays.com\/se\/78930\/","title":{"rendered":"IFK G\u00f6teborg vill f\u00f6rl\u00e4nga kontraktet med Marcus Berg"},"content":{"rendered":"<p>Publicerad 12 nov 2025 kl 16.11Uppdaterad kl 18.36<\/p>\n<p>Marcus Berg, 39, sitter p\u00e5 utg\u00e5ende kontrakt.\u00a0<\/p>\n<p>IFK G\u00f6teborg jobbar nu p\u00e5 att f\u00f6rl\u00e4nga hans avtal.\u00a0<\/p>\n<p>\u2013\u00a0Han har gjort ett v\u00e4ldigt, v\u00e4ldigt bra jobb hos oss, s\u00e4ger sportchefen Hannes Stiller.\u00a0<\/p>\n<p><a href=\"https:\/\/www.expressen.se\/sport\/fotboll\/superettan\/trelleborgs-ff-varslar-alla\/\" rel=\"nofollow noopener\" target=\"_blank\">Se kvalet till superettan h\u00e4r! <\/a>\u00a0<\/p>\n<p><img   alt=\"\"\/> <\/p>\n<p>Foto: MICHAEL ERICHSEN \/ BILDBYR\u00c5N<\/p>\n<p>\u00d6ppna bild i helsk\u00e4rm<\/p>\n<p>Efter en l\u00e5ng och framg\u00e5ngsrik karri\u00e4r lade Marcus Berg av h\u00f6sten 2023 efter \u00e5terkommande ryggproblem. Men han stannade kvar i <a href=\"https:\/\/www.expressen.se\/tagg\/organization\/ifk-goteborg\/\" class=\"\" rel=\"nofollow noopener\" target=\"_blank\">IFK G\u00f6teborg<\/a> och fick titeln spelarutvecklare samtidigt som han gick tr\u00e4narutbildningar.\u00a0<\/p>\n<p>Inf\u00f6r 2025 fick han en st\u00f6rre roll som assisterande tr\u00e4nare till Joachim Bj\u00f6rklund och chefstr\u00e4naren Stefan Billborn. Berg har bland annat haft hand om fasta situationer, individuell \u00e5terkoppling med viktning mot de offensiva spelarna samt varit med och drivit tr\u00e4ningarna i vardagen.\u00a0<\/p>\n<p><img loading=\"lazy\"   alt=\"\"\/><\/p>\n<p>Marcus Bergs framtid \u00e4r oviss i nul\u00e4get.<\/p>\n<p>Foto: MICHAEL ERICHSEN \/ BILDBYR\u00c5N<\/p>\n<p>\u00d6ppna bild i helsk\u00e4rm<\/p>\n<p>IFK G\u00f6teborg har gjort markant b\u00e4ttre resultat i \u00e5r j\u00e4mf\u00f6rt med tidigare. Efter bottenstrid tv\u00e5 s\u00e4songer i rad slutade laget p\u00e5 fj\u00e4rde plats.\u00a0<\/p>\n<p>\u2013\u00a0V\u00e5ra tr\u00e4nare, ledare och spelare har gjort ett fantastiskt jobb, s\u00e4ger Hannes Stiller.\u00a0<\/p>\n<p>Joachim Bj\u00f6rklund och Stefan Billborn har kontrakt \u00f6ver 2027, medan Marcus Bergs avtal allts\u00e5 g\u00e5r ut vid \u00e5rsskiftet.\u00a0<\/p>\n<p>\u2013 Han \u00e4r en viktig del av v\u00e5rt tr\u00e4narteam och vi vill v\u00e4ldigt g\u00e4rna ha kvar honom. Vi har pratat lite grann om framtiden men \u00e4r inte framme vid n\u00e5got slutgiltigt. Vi har fokuserat p\u00e5 att spela f\u00e4rdigt s\u00e4songen, men m\u00e5ste s\u00e4tta oss ner och diskutera med honom inom kort, s\u00e4ger Hannes Stiller.\u00a0<\/p>\n<p>Berg: H\u00e5ller alla d\u00f6rrar \u00f6ppna<\/p>\n<p>N\u00e4r Malm\u00f6 FF m\u00f6tte Marcus Bergs gamla klubb Panathinaikos p\u00e5 hemmaplan (0\u20131) i f\u00f6rra veckan var den f\u00f6re detta anfallaren p\u00e5 plats. F\u00f6r Expressen ber\u00e4ttade Berg att det \u00e4r vanligt i Grekland att gamla spelare g\u00e5r runt p\u00e5 framtr\u00e4dande positioner i klubbarna. Han fick ocks\u00e5 fr\u00e5gan om det kan bli aktuellt med ett jobb i Panathinaikos p\u00e5 sikt.\u00a0<\/p>\n<p>\u2013\u00a0Det \u00e4r en stor klubb, s\u00e5 man f\u00e5r h\u00e5lla alla d\u00f6rrar \u00f6ppna. I framtiden vet man aldrig, men just nu \u00e4r jag hemma i Sverige och jobbar i G\u00f6teborg \u2013 och det \u00e4r fantastiskt. Nu \u00e4r jag i IFK det h\u00e4r \u00e5ret ut och sen f\u00e5r vi se, s\u00e4ger Marcus Berg.\u00a0<\/p>\n<p><a href=\"https:\/\/www.expressen.se\/sport\/fotboll\/superettan\/trelleborgs-ff-varslar-alla\/\" rel=\"nofollow noopener\" target=\"_blank\">Expressen s\u00e4nder kvalet till superettan, HTFF-\u00d6rebro och Norrby-Utsikten. Matcherna spelas 20 och 23 november. Se matcherna h\u00e4r. <\/a>\u00a0<\/p>\n<p><strong>L\u00c4S MER: <\/strong><a href=\"https:\/\/www.expressen.se\/sport\/fotboll\/allsvenskan\/blavitt-2025-de-kan-lamna--dromvarvningarna-59xra\/\" class=\"premium-link\" rel=\"nofollow noopener\" target=\"_blank\">Premium IFK G\u00f6teborg 2026: De l\u00e4mnar \u2022 Dr\u00f6mv\u00e4rvningar<\/a><strong>L\u00c4S MER: <\/strong><a href=\"https:\/\/www.expressen.se\/sport\/fotboll\/allsvenskan\/djurgarden-visar-intresse-for-linus-carlstrand-\/\" class=\"\" rel=\"nofollow noopener\" target=\"_blank\">Djurg\u00e5rden visar intresse f\u00f6r Linus Carlstrand<\/a><strong>L\u00c4S MER: <\/strong><a href=\"https:\/\/www.expressen.se\/sport\/fotboll\/allsvenskan\/dahlbergs-missnoje-i-ifk-goteborg-forbannad\/\" class=\"premium-link\" rel=\"nofollow noopener\" target=\"_blank\">Premium Dahlbergs missn\u00f6je i IFK G\u00f6teborg: \u201dF\u00f6rbannad\u201d<\/a><img loading=\"lazy\"   alt=\"\"\/>\u00d6ppna bild i helsk\u00e4rm<\/p>\n","protected":false},"excerpt":{"rendered":"Publicerad 12 nov 2025 kl 16.11Uppdaterad kl 18.36 Marcus Berg, 39, sitter p\u00e5 utg\u00e5ende kontrakt.\u00a0 IFK G\u00f6teborg jobbar&hellip;\n","protected":false},"author":2,"featured_media":78931,"comment_status":"","ping_status":"","sticky":false,"template":"","format":"standard","meta":{"footnotes":""},"categories":[68],"tags":[555,664,6934,34,130,129,111,110,31,33,32,30],"class_list":{"0":"post-78930","1":"post","2":"type-post","3":"status-publish","4":"format-standard","5":"has-post-thumbnail","7":"category-sport","8":"tag-organization-allsvenskan","9":"tag-organization-ifk-goteborg","10":"tag-person-marcus-berg","11":"tag-se","12":"tag-sections-allsvenskan","13":"tag-sections-fotboll","14":"tag-sport","15":"tag-sports","16":"tag-svenska","17":"tag-sverige","18":"tag-sweden","19":"tag-swedish"},"share_on_mastodon":{"url":"https:\/\/pubeurope.com\/@se\/115538150242761415","error":""},"_links":{"self":[{"href":"https:\/\/www.europesays.com\/se\/wp-json\/wp\/v2\/posts\/78930","targetHints":{"allow":["GET"]}}],"collection":[{"href":"https:\/\/www.europesays.com\/se\/wp-json\/wp\/v2\/posts"}],"about":[{"href":"https:\/\/www.europesays.com\/se\/wp-json\/wp\/v2\/types\/post"}],"author":[{"embeddable":true,"href":"https:\/\/www.europesays.com\/se\/wp-json\/wp\/v2\/users\/2"}],"replies":[{"embeddable":true,"href":"https:\/\/www.europesays.com\/se\/wp-json\/wp\/v2\/comments?post=78930"}],"version-history":[{"count":0,"href":"https:\/\/www.europesays.com\/se\/wp-json\/wp\/v2\/posts\/78930\/revisions"}],"wp:featuredmedia":[{"embeddable":true,"href":"https:\/\/www.europesays.com\/se\/wp-json\/wp\/v2\/media\/78931"}],"wp:attachment":[{"href":"https:\/\/www.europesays.com\/se\/wp-json\/wp\/v2\/media?parent=78930"}],"wp:term":[{"taxonomy":"category","embeddable":true,"href":"https:\/\/www.europesays.com\/se\/wp-json\/wp\/v2\/categories?post=78930"},{"taxonomy":"post_tag","embeddable":true,"href":"https:\/\/www.europesays.com\/se\/wp-json\/wp\/v2\/tags?post=78930"}],"curies":[{"name":"wp","href":"https:\/\/api.w.org\/{rel}","templated":true}]}}