{"id":78932,"date":"2025-11-12T18:36:35","date_gmt":"2025-11-12T18:36:35","guid":{"rendered":"https:\/\/www.europesays.com\/se\/78932\/"},"modified":"2025-11-12T18:36:35","modified_gmt":"2025-11-12T18:36:35","slug":"ar-en-helt-vanlig-familj","status":"publish","type":"post","link":"https:\/\/www.europesays.com\/se\/78932\/","title":{"rendered":"\u201d\u00c4r en helt vanlig familj\u201d"},"content":{"rendered":"<p>Nattens explosion i Upplands V\u00e4sby intr\u00e4ffade utanf\u00f6r Fabian \u00c5hlins radhus. Det kom som en fullst\u00e4ndig \u00f6verraskning, ber\u00e4ttar han f\u00f6r Mitt i.<\/p>\n<p>\u2013 Vi \u00e4r en vanlig sm\u00e5barnsfamilj och det h\u00e4r \u00e4r ett lugnt omr\u00e5de, s\u00e4ger han till tidningen.<\/p>\n<p>Han, hans fru och parets tre barn vaknade inte av sm\u00e4llen. Det var f\u00f6rst n\u00e4r polisen lyste med ficklampor p\u00e5 baksidan och ville komma in som familjen fick veta vad som hade h\u00e4nt. Detta trots att sm\u00e4llen, enligt Fabian \u00c5hlin, h\u00f6rdes \u00f6ver \u201dstora delar av Upplands V\u00e4sby\u201d.<\/p>\n<p>Polisens hypotes \u00e4r att spr\u00e4ngningen var riktad mot n\u00e5gon annan, enligt uppgifter till Aftonbladet. Det \u00e4r \u00e4ven beskedet som Fabian \u00c5hlin har f\u00e5tt av polisen. <\/p>\n<p>\u2013 De undrade om det kunde ha n\u00e5got med v\u00e5ra jobb att g\u00f6ra, men jag \u00e4r rekryteringschef p\u00e5 ett st\u00f6rre f\u00f6retag och min fru Sofia \u00e4r konstn\u00e4r, s\u00e5 knappast troligt.<\/p>\n<p>Omni \u00e4r politiskt obundna och oberoende. Vi str\u00e4var efter att ge fler perspektiv p\u00e5 nyheterna. Har du fr\u00e5gor eller synpunkter kring v\u00e5r rapportering? <a href=\"https:\/\/omni.se\/sprangning-vid-fabians-hus-ar-en-helt-vanlig-familj\/a\/mailto:redaktion@omni.se\" class=\"ArticleActions_contactLink__W2F1M\" rel=\"nofollow noopener\" target=\"_blank\">Kontakta redaktionen<\/a><\/p>\n","protected":false},"excerpt":{"rendered":"Nattens explosion i Upplands V\u00e4sby intr\u00e4ffade utanf\u00f6r Fabian \u00c5hlins radhus. Det kom som en fullst\u00e4ndig \u00f6verraskning, ber\u00e4ttar han&hellip;\n","protected":false},"author":2,"featured_media":78933,"comment_status":"","ping_status":"","sticky":false,"template":"","format":"standard","meta":{"footnotes":""},"categories":[12],"tags":[22,23,128,26,27,17,21,24,25,28,29,15,16,18,34,127,31,33,32,30,19,20,6935],"class_list":{"0":"post-78932","1":"post","2":"type-post","3":"status-publish","4":"format-standard","5":"has-post-thumbnail","7":"category-sverige","8":"tag-breaking-news","9":"tag-breakingnews","10":"tag-brott","11":"tag-featured-news","12":"tag-featurednews","13":"tag-headlines","14":"tag-huvudnyheter","15":"tag-latest-news","16":"tag-latestnews","17":"tag-main-news","18":"tag-mainnews","19":"tag-news","20":"tag-nyheter","21":"tag-rubriker","22":"tag-se","23":"tag-stockholms-lan","24":"tag-svenska","25":"tag-sverige","26":"tag-sweden","27":"tag-swedish","28":"tag-top-stories","29":"tag-topstories","30":"tag-upplands-vasby"},"share_on_mastodon":{"url":"https:\/\/pubeurope.com\/@se\/115538177995154180","error":""},"_links":{"self":[{"href":"https:\/\/www.europesays.com\/se\/wp-json\/wp\/v2\/posts\/78932","targetHints":{"allow":["GET"]}}],"collection":[{"href":"https:\/\/www.europesays.com\/se\/wp-json\/wp\/v2\/posts"}],"about":[{"href":"https:\/\/www.europesays.com\/se\/wp-json\/wp\/v2\/types\/post"}],"author":[{"embeddable":true,"href":"https:\/\/www.europesays.com\/se\/wp-json\/wp\/v2\/users\/2"}],"replies":[{"embeddable":true,"href":"https:\/\/www.europesays.com\/se\/wp-json\/wp\/v2\/comments?post=78932"}],"version-history":[{"count":0,"href":"https:\/\/www.europesays.com\/se\/wp-json\/wp\/v2\/posts\/78932\/revisions"}],"wp:featuredmedia":[{"embeddable":true,"href":"https:\/\/www.europesays.com\/se\/wp-json\/wp\/v2\/media\/78933"}],"wp:attachment":[{"href":"https:\/\/www.europesays.com\/se\/wp-json\/wp\/v2\/media?parent=78932"}],"wp:term":[{"taxonomy":"category","embeddable":true,"href":"https:\/\/www.europesays.com\/se\/wp-json\/wp\/v2\/categories?post=78932"},{"taxonomy":"post_tag","embeddable":true,"href":"https:\/\/www.europesays.com\/se\/wp-json\/wp\/v2\/tags?post=78932"}],"curies":[{"name":"wp","href":"https:\/\/api.w.org\/{rel}","templated":true}]}}