{"id":78934,"date":"2025-11-12T18:37:31","date_gmt":"2025-11-12T18:37:31","guid":{"rendered":"https:\/\/www.europesays.com\/se\/78934\/"},"modified":"2025-11-12T18:37:31","modified_gmt":"2025-11-12T18:37:31","slug":"trelleborgs-ff-varslar-alla-superettan","status":"publish","type":"post","link":"https:\/\/www.europesays.com\/se\/78934\/","title":{"rendered":"Trelleborgs FF varslar alla | Superettan"},"content":{"rendered":"<p>Publicerad 12 nov 2025 kl 07.26Uppdaterad kl 09.11<\/p>\n<p>Trelleborgs FF varslar alla anst\u00e4llda i f\u00f6reningen efter degraderingen till division 1.<\/p>\n<p>Det meddelar klubben under onsdagen.<\/p>\n<p>\u201dF\u00f6reningen st\u00e5r inf\u00f6r en tuff utmaning\u201d skriver de i ett uttalande.<\/p>\n<p><a href=\"https:\/\/livesport.expressen.se\/fotboll\/ovrigt\" rel=\"nofollow noopener\" target=\"_blank\">Se kvalet till superettan h\u00e4r! <\/a>\u00a0<\/p>\n<p><img   alt=\"\"\/><\/p>\n<p>Fredrik Martinsson och Charlie Weberg efter l\u00f6rdagens match mot \u00d6rebro.<\/p>\n<p>Foto: Johan Nilsson \/ TT \/ TT NYHETSBYR\u00c5N<\/p>\n<p>\u00d6ppna bild i helsk\u00e4rm<\/p>\n<p>Trelleborg \u00e5kte ur superettan efter ett sansl\u00f6st drama i den sista omg\u00e5ngen mot \u00d6rebro. Sk\u00e5ningarna var piskade att vinna f\u00f6r att h\u00e5lla sig kvar och s\u00e5g ut att klara det \u2013 fram till den 94:e minuten n\u00e4r <a href=\"https:\/\/www.expressen.se\/sport\/fotboll\/superettan\/samuel-kroon-raddade-orebro-i-94e-minuten\/\" rel=\"nofollow noopener\" target=\"_blank\">Samuel Kroon kvitterade.<\/a> F\u00f6rutom nedflyttning till division 1 f\u00e5r m\u00e5let nu ytterligare konsekvenser.<\/p>\n<p>P\u00e5 sin hemsida meddelar TFF att klubben varslar samtliga anst\u00e4llda i f\u00f6reningen:<\/p>\n<p>\u201dN\u00e5got som \u00e4r helt klart \u00e4r att spel utanf\u00f6r elitfotbollen p\u00e5 herrsidan medf\u00f6r tuffa ekonomiska utmaningar vilket kr\u00e4ver en omorganisation. En konsekvens av denna omorganisation \u00e4r att samtliga anst\u00e4llda i f\u00f6reningen ig\u00e5r varslades om upps\u00e4gning f\u00f6r att \u00f6ppna upp f\u00f6r ett n\u00f6dv\u00e4ndigt f\u00f6r\u00e4ndringsarbete.\u201d<\/p>\n<p><a href=\"https:\/\/livesport.expressen.se\/fotboll\/ovrigt\" rel=\"nofollow noopener\" target=\"_blank\">Expressen s\u00e4nder kvalet till superettan, HTFF-\u00d6rebro och Norrby-Utsikten. Matcherna spelas 20 och 23 november. Se matcherna h\u00e4r.\u00a0<\/a><\/p>\n","protected":false},"excerpt":{"rendered":"Publicerad 12 nov 2025 kl 07.26Uppdaterad kl 09.11 Trelleborgs FF varslar alla anst\u00e4llda i f\u00f6reningen efter degraderingen till&hellip;\n","protected":false},"author":2,"featured_media":78935,"comment_status":"","ping_status":"","sticky":false,"template":"","format":"standard","meta":{"footnotes":""},"categories":[5],"tags":[22,23,26,27,17,21,24,25,28,29,15,16,5344,18,34,129,215,31,33,32,30,19,20],"class_list":{"0":"post-78934","1":"post","2":"type-post","3":"status-publish","4":"format-standard","5":"has-post-thumbnail","7":"category-rubriker","8":"tag-breaking-news","9":"tag-breakingnews","10":"tag-featured-news","11":"tag-featurednews","12":"tag-headlines","13":"tag-huvudnyheter","14":"tag-latest-news","15":"tag-latestnews","16":"tag-main-news","17":"tag-mainnews","18":"tag-news","19":"tag-nyheter","20":"tag-organization-trelleborgs-ff","21":"tag-rubriker","22":"tag-se","23":"tag-sections-fotboll","24":"tag-sections-superettan","25":"tag-svenska","26":"tag-sverige","27":"tag-sweden","28":"tag-swedish","29":"tag-top-stories","30":"tag-topstories"},"share_on_mastodon":{"url":"https:\/\/pubeurope.com\/@se\/115538181667696235","error":""},"_links":{"self":[{"href":"https:\/\/www.europesays.com\/se\/wp-json\/wp\/v2\/posts\/78934","targetHints":{"allow":["GET"]}}],"collection":[{"href":"https:\/\/www.europesays.com\/se\/wp-json\/wp\/v2\/posts"}],"about":[{"href":"https:\/\/www.europesays.com\/se\/wp-json\/wp\/v2\/types\/post"}],"author":[{"embeddable":true,"href":"https:\/\/www.europesays.com\/se\/wp-json\/wp\/v2\/users\/2"}],"replies":[{"embeddable":true,"href":"https:\/\/www.europesays.com\/se\/wp-json\/wp\/v2\/comments?post=78934"}],"version-history":[{"count":0,"href":"https:\/\/www.europesays.com\/se\/wp-json\/wp\/v2\/posts\/78934\/revisions"}],"wp:featuredmedia":[{"embeddable":true,"href":"https:\/\/www.europesays.com\/se\/wp-json\/wp\/v2\/media\/78935"}],"wp:attachment":[{"href":"https:\/\/www.europesays.com\/se\/wp-json\/wp\/v2\/media?parent=78934"}],"wp:term":[{"taxonomy":"category","embeddable":true,"href":"https:\/\/www.europesays.com\/se\/wp-json\/wp\/v2\/categories?post=78934"},{"taxonomy":"post_tag","embeddable":true,"href":"https:\/\/www.europesays.com\/se\/wp-json\/wp\/v2\/tags?post=78934"}],"curies":[{"name":"wp","href":"https:\/\/api.w.org\/{rel}","templated":true}]}}