{"id":78970,"date":"2025-11-12T19:20:26","date_gmt":"2025-11-12T19:20:26","guid":{"rendered":"https:\/\/www.europesays.com\/se\/78970\/"},"modified":"2025-11-12T19:20:26","modified_gmt":"2025-11-12T19:20:26","slug":"oliver-kylington-om-relationen-med-bianca-ingrosso-shl","status":"publish","type":"post","link":"https:\/\/www.europesays.com\/se\/78970\/","title":{"rendered":"Oliver Kylington om relationen med Bianca Ingrosso | SHL"},"content":{"rendered":"<p>Publicerad 12 nov 2025 kl 18.43<\/p>\n<p>En bild p\u00e5 Instagram fick spekulationerna att ta fart.<\/p>\n<p>Nu ber\u00e4ttar Oliver Kylington om relationen till Bianca Ingrosso.\u00a0<\/p>\n<p>\u2013 Hon \u00e4r en fantastisk person, s\u00e4ger Dif-spelaren.\u00a0<\/p>\n<p><img loading=\"lazy\"   alt=\"\"\/><\/p>\n<p>Oliver Kylington och Bianca Ingrosso.<\/p>\n<p>\u00d6ppna bild i helsk\u00e4rm<img loading=\"lazy\"   alt=\"\"\/> <\/p>\n<p>Foto: JONATHAN N\u00c4CKSTRAND \/ BILDBYR\u00c5N<\/p>\n<p>\u00d6ppna bild i helsk\u00e4rm<\/p>\n<p>Sommaren 2023 delade hockeyspelaren Oliver Kylington bilder fr\u00e5n sin semester fr\u00e5n Ibiza. D\u00e4r fanns influencern Bianca Ingrosso med.\u00a0<\/p>\n<p>Ett \u00e5r senare delade ocks\u00e5 Ingrosso en grattish\u00e4lsning till 28-\u00e5ringen n\u00e4r han fyllde \u00e5r.\u00a0<\/p>\n<p>\u201dGrattis p\u00e5 f\u00f6delsedagen till den sn\u00e4llaste sj\u00e4len som finns. Tack f\u00f6r att du kom in i mitt liv f\u00f6rra \u00e5ret!!!\u201d, skrev hon.<\/p>\n<p>Orden om relationen<\/p>\n<p>Det hela fick spekulationerna att ta fart om huruvida de funnit k\u00e4rleken i varandra.\u00a0<\/p>\n<p>Nu ber\u00e4ttar Kylington om relationen.\u00a0<\/p>\n<p>\u2013 Bianca Ingrosso \u00e4r en fantastisk person som st\u00e5r mig n\u00e4ra, s\u00e4ger han.\u00a0<\/p>\n<p>Men att det skulle vara n\u00e5gon form av romans dementerar han best\u00e4mt.\u00a0<\/p>\n<p>\u2013 Jag tror folk tror annat, men vi \u00e4r v\u00e4ldigt goda v\u00e4nner och delar mycket gemensamt. Sen vad de tror i form av \u201dhusband and wife\u201d s\u00e5 \u00e4r de ute och cyklar.\u00a0<\/p>\n<p>F\u00f6ljs av miljoner<\/p>\n<p>Bianca Ingrosso \u00e4r en av Sveriges st\u00f6rsta profiler p\u00e5 sociala medier, d\u00e4r hon f\u00f6ljs av \u00f6ver en miljon m\u00e4nniskor.\u00a0<\/p>\n<p>Hon \u00e4r ocks\u00e5 en del av l\u00e5ngk\u00f6raren \u201dWahlgrens v\u00e4rld\u201d tillsammans med sin mamma Pernilla Wahlgren.\u00a0<\/p>\n<p>\u2013 De flesta f\u00f6ljer henne och hon har sitt liv framf\u00f6r tv-rutan och p\u00e5 sociala medier. Jag k\u00e4nner henne p\u00e5 ett helt annat s\u00e4tt och hon \u00e4r en j\u00e4ttebra person och en fin v\u00e4n, s\u00e4ger Kylington.\u00a0<\/p>\n<p><a href=\"https:\/\/www.instagram.com\/p\/CvfN61sI9RK\/?img_index=9\" data-provider=\"instagram\" class=\"js-social-embed\" rel=\"nofollow noopener\" target=\"_blank\">https:\/\/www.instagram.com\/p\/CvfN61sI9RK\/?img_index=9<\/a><script async src=\"\/\/www.instagram.com\/embed.js\"><\/script><\/p>\n","protected":false},"excerpt":{"rendered":"Publicerad 12 nov 2025 kl 18.43 En bild p\u00e5 Instagram fick spekulationerna att ta fart. Nu ber\u00e4ttar Oliver&hellip;\n","protected":false},"author":2,"featured_media":78971,"comment_status":"","ping_status":"","sticky":false,"template":"","format":"standard","meta":{"footnotes":""},"categories":[67],"tags":[104,34,255,823,31,33,32,30,105],"class_list":{"0":"post-78970","1":"post","2":"type-post","3":"status-publish","4":"format-standard","5":"has-post-thumbnail","7":"category-underhallning","8":"tag-entertainment","9":"tag-se","10":"tag-sections-ishockey","11":"tag-sections-shl","12":"tag-svenska","13":"tag-sverige","14":"tag-sweden","15":"tag-swedish","16":"tag-underhallning"},"share_on_mastodon":{"url":"https:\/\/pubeurope.com\/@se\/115538350774719555","error":""},"_links":{"self":[{"href":"https:\/\/www.europesays.com\/se\/wp-json\/wp\/v2\/posts\/78970","targetHints":{"allow":["GET"]}}],"collection":[{"href":"https:\/\/www.europesays.com\/se\/wp-json\/wp\/v2\/posts"}],"about":[{"href":"https:\/\/www.europesays.com\/se\/wp-json\/wp\/v2\/types\/post"}],"author":[{"embeddable":true,"href":"https:\/\/www.europesays.com\/se\/wp-json\/wp\/v2\/users\/2"}],"replies":[{"embeddable":true,"href":"https:\/\/www.europesays.com\/se\/wp-json\/wp\/v2\/comments?post=78970"}],"version-history":[{"count":0,"href":"https:\/\/www.europesays.com\/se\/wp-json\/wp\/v2\/posts\/78970\/revisions"}],"wp:featuredmedia":[{"embeddable":true,"href":"https:\/\/www.europesays.com\/se\/wp-json\/wp\/v2\/media\/78971"}],"wp:attachment":[{"href":"https:\/\/www.europesays.com\/se\/wp-json\/wp\/v2\/media?parent=78970"}],"wp:term":[{"taxonomy":"category","embeddable":true,"href":"https:\/\/www.europesays.com\/se\/wp-json\/wp\/v2\/categories?post=78970"},{"taxonomy":"post_tag","embeddable":true,"href":"https:\/\/www.europesays.com\/se\/wp-json\/wp\/v2\/tags?post=78970"}],"curies":[{"name":"wp","href":"https:\/\/api.w.org\/{rel}","templated":true}]}}