{"id":79123,"date":"2025-11-13T01:48:49","date_gmt":"2025-11-13T01:48:49","guid":{"rendered":"https:\/\/www.europesays.com\/se\/79123\/"},"modified":"2025-11-13T01:48:49","modified_gmt":"2025-11-13T01:48:49","slug":"rattegang-om-handgranater-som-kastades-mot-israels-ambassad","status":"publish","type":"post","link":"https:\/\/www.europesays.com\/se\/79123\/","title":{"rendered":"R\u00e4tteg\u00e5ng om handgranater som kastades mot Israels ambassad"},"content":{"rendered":"<p>Danmarks f\u00f6rsta terrord\u00e5d p\u00e5 tio \u00e5r eller ett \u201dvanligt\u201d spr\u00e4ngd\u00e5d av g\u00e4ngens barnsoldater? Det ska avg\u00f6ras i en ovanlig r\u00e4tteg\u00e5ng som inleddes i K\u00f6penhamn p\u00e5 onsdagen. Tv\u00e5 unga svenskar \u00e5talas f\u00f6r att p\u00e5 uppdrag av Foxtrot ha kastat hangranater mot israeliska ambassaden. Om de f\u00e4lls riskerar de l\u00e5nga f\u00e4ngelsestraff \u2013 men f\u00f6rsvaret menar att det inte \u00e4r fr\u00e5ga om ett terrord\u00e5d.<\/p>\n","protected":false},"excerpt":{"rendered":"Danmarks f\u00f6rsta terrord\u00e5d p\u00e5 tio \u00e5r eller ett \u201dvanligt\u201d spr\u00e4ngd\u00e5d av g\u00e4ngens barnsoldater? Det ska avg\u00f6ras i en&hellip;\n","protected":false},"author":2,"featured_media":79124,"comment_status":"","ping_status":"","sticky":false,"template":"","format":"standard","meta":{"footnotes":""},"categories":[5],"tags":[22,23,26,27,17,21,24,25,28,29,15,16,18,34,31,33,32,30,19,20],"class_list":{"0":"post-79123","1":"post","2":"type-post","3":"status-publish","4":"format-standard","5":"has-post-thumbnail","7":"category-rubriker","8":"tag-breaking-news","9":"tag-breakingnews","10":"tag-featured-news","11":"tag-featurednews","12":"tag-headlines","13":"tag-huvudnyheter","14":"tag-latest-news","15":"tag-latestnews","16":"tag-main-news","17":"tag-mainnews","18":"tag-news","19":"tag-nyheter","20":"tag-rubriker","21":"tag-se","22":"tag-svenska","23":"tag-sverige","24":"tag-sweden","25":"tag-swedish","26":"tag-top-stories","27":"tag-topstories"},"share_on_mastodon":{"url":"https:\/\/pubeurope.com\/@se\/115539880369869576","error":""},"_links":{"self":[{"href":"https:\/\/www.europesays.com\/se\/wp-json\/wp\/v2\/posts\/79123","targetHints":{"allow":["GET"]}}],"collection":[{"href":"https:\/\/www.europesays.com\/se\/wp-json\/wp\/v2\/posts"}],"about":[{"href":"https:\/\/www.europesays.com\/se\/wp-json\/wp\/v2\/types\/post"}],"author":[{"embeddable":true,"href":"https:\/\/www.europesays.com\/se\/wp-json\/wp\/v2\/users\/2"}],"replies":[{"embeddable":true,"href":"https:\/\/www.europesays.com\/se\/wp-json\/wp\/v2\/comments?post=79123"}],"version-history":[{"count":0,"href":"https:\/\/www.europesays.com\/se\/wp-json\/wp\/v2\/posts\/79123\/revisions"}],"wp:featuredmedia":[{"embeddable":true,"href":"https:\/\/www.europesays.com\/se\/wp-json\/wp\/v2\/media\/79124"}],"wp:attachment":[{"href":"https:\/\/www.europesays.com\/se\/wp-json\/wp\/v2\/media?parent=79123"}],"wp:term":[{"taxonomy":"category","embeddable":true,"href":"https:\/\/www.europesays.com\/se\/wp-json\/wp\/v2\/categories?post=79123"},{"taxonomy":"post_tag","embeddable":true,"href":"https:\/\/www.europesays.com\/se\/wp-json\/wp\/v2\/tags?post=79123"}],"curies":[{"name":"wp","href":"https:\/\/api.w.org\/{rel}","templated":true}]}}