{"id":79194,"date":"2025-11-13T04:22:11","date_gmt":"2025-11-13T04:22:11","guid":{"rendered":"https:\/\/www.europesays.com\/se\/79194\/"},"modified":"2025-11-13T04:22:11","modified_gmt":"2025-11-13T04:22:11","slug":"det-jag-helst-inte-tanker-pa-av-jente-posthuma-sa-bra-ar-boken","status":"publish","type":"post","link":"https:\/\/www.europesays.com\/se\/79194\/","title":{"rendered":"\u201dDet jag helst inte t\u00e4nker p\u00e5\u201d av Jente Posthuma \u2022\u00a0S\u00e5 bra \u00e4r boken"},"content":{"rendered":"<p>Publicerad 13 nov 2025 kl 05.00<\/p>\n<p>Jente Posthumas nya roman handlar om sorgen efter en tvillingbror som tagit sitt liv.<\/p>\n<p>Lyra Ekstr\u00f6m Lindb\u00e4ck l\u00e4ser den Bookerprisnominerade \u201dDet jag helst inte t\u00e4nker p\u00e5\u201d.<\/p>\n<p><img   alt=\"\"\/><\/p>\n<p>Jente Posthumas roman \u201dDet jag helst inte t\u00e4nker p\u00e5\u201d var en av de nominerade b\u00f6ckerna till Bookerpriset.<\/p>\n<p>Foto: Bas Uterwijk \/ R\u00e1mus f\u00f6rlag<\/p>\n<p>\u00d6ppna bild i helsk\u00e4rm<img loading=\"lazy\"   alt=\"\"\/><\/p>\n<p>Lyra Ekstr\u00f6m Lindb\u00e4ck \u00e4r f\u00f6rfattare och medarbetare p\u00e5 Expressens kultursida.<\/p>\n<p>Foto: OLLE SPORRONG<\/p>\n<p>\u00d6ppna bild i helsk\u00e4rm<\/p>\n<p><strong>RECENSION. <\/strong>Vad \u00e4r en sund relation? \u00c4r det n\u00e4r man \u201ds\u00e4tter gr\u00e4nser\u201d och \u201dlever sitt eget liv\u201d?<\/p>\n<p>F\u00f6r tvillingar, som har varit n\u00e4ra redan innan de f\u00f6tts, \u00e4r det en komplicerad fr\u00e5ga. I <strong>Jente Posthumas<\/strong> Bookerprisnominerade roman \u201dDet jag helst inte t\u00e4nker p\u00e5\u201d f\u00e5r relationen mellan olikk\u00f6nade tv\u00e5\u00e4ggstvillingar fungera som en hyperbol gestaltning av problemet.<\/p>\n<p><img loading=\"lazy\"   alt=\"\"\/> <\/p>\n<p>Foto: R\u00e1mus f\u00f6rlag<\/p>\n<p>\u00d6ppna bild i helsk\u00e4rm<\/p>\n<p>Ber\u00e4ttarjaget och hennes bror, som aldrig n\u00e4mns vid namn, har alltid speglat sig i varandra. De har diskuterat sin \u201dgemensamma framtid som om den vore ett gemensamt pysselprojekt som vi bara beh\u00f6vde genomf\u00f6ra\u201d. De t\u00e4nker flytta till New York ihop och ska resa dit f\u00f6r att f\u00f6rbereda flytten.<\/p>\n<p>Men brorsan \u00e5ngrar sig. I st\u00e4llet f\u00f6r att f\u00f6lja med till USA f\u00f6rsvinner han till Brasilien. N\u00e4r tvillingsyskonen \u00e5terf\u00f6renas har n\u00e5gonting avg\u00f6rande f\u00f6r\u00e4ndrats.<\/p>\n<p>\u201dHan sa att han var glad att vi kunde bygga upp en relation igen. En sund relation, menade han, allts\u00e5 inte den osunda relation vi hade haft. Jag undrade vem som satt mitt emot mig \u2013 inte den bror som alltid hade l\u00e5tit mig lukta p\u00e5 hans andedr\u00e4kt inf\u00f6r en tr\u00e4ff, som hade beh\u00f6vt mitt godk\u00e4nnande f\u00f6r vartenda linne han k\u00f6pt och som en g\u00e5ng sagt att han inte \u00e4lskade n\u00e5gon lika mycket som mig.\u201d<\/p>\n<p>Romanen best\u00e5r av korta tabl\u00e5er, sm\u00e5 scener av minnen eller reflektioner. Allting ber\u00e4ttas ur ett efter\u00e5t. Brodern har glidit in i en depression som slutat med att han tagit livet av sig. Eftersom sjukdomen sammanfallit med avst\u00e5ndstagandet s\u00e5 framst\u00e5r detta att \u201dleva sitt eget liv\u201d knappast som mer sunt \u00e4n deras tidigare symbios.<\/p>\n<blockquote><p>Fr\u00e5gan om sundhet \u00f6verr\u00f6stas av k\u00e4rleken, som tar form som sorg.<\/p><\/blockquote>\n<p>D\u00e4rigenom garderar sig Posthuma elegant mot sentimentaliteten. N\u00e4r den svunna n\u00e4rheten \u00e5terkallas \u00e4r det ocks\u00e5 alltid med ett fr\u00e5getecken. Vid n\u00e5got tillf\u00e4lle uppmanar jaget sin bror att t\u00e4nka p\u00e5 hur det var f\u00f6rr, n\u00e4r allt var bra. \u201dN\u00e4r var det bra d\u00e5? fr\u00e5gade han. Det har aldrig varit bra.\u201d<\/p>\n<p>Fr\u00e5gan om sundhet \u00f6verr\u00f6stas av k\u00e4rleken, som tar form som sorg. \u00c4ndligheten \u00e4r redan inbyggd i v\u00e5ra relationer, tycks Posthuma s\u00e4ga. Vi beh\u00f6ver inte s\u00e4tta fler gr\u00e4nser \u00e4n s\u00e5.<\/p>\n<p>ROMAN<\/p>\n<p>JENTE POSTHUMA<\/p>\n<p>Det jag helst inte t\u00e4nker p\u00e5<\/p>\n<p>\u00d6vers\u00e4ttning Johanna Hedenberg<\/p>\n<p>R\u00e1mus f\u00f6rlag, 244 s.<\/p>\n<p>Visa mer<\/p>\n<p>Lyra Ekstr\u00f6m Lindb\u00e4ck \u00e4r f\u00f6rfattare och medarbetare p\u00e5 Expressens kultursida.\u00a0<\/p>\n","protected":false},"excerpt":{"rendered":"Publicerad 13 nov 2025 kl 05.00 Jente Posthumas nya roman handlar om sorgen efter en tvillingbror som tagit&hellip;\n","protected":false},"author":2,"featured_media":79195,"comment_status":"","ping_status":"","sticky":false,"template":"","format":"standard","meta":{"footnotes":""},"categories":[67],"tags":[104,3755,34,438,31,33,32,30,1515,105],"class_list":{"0":"post-79194","1":"post","2":"type-post","3":"status-publish","4":"format-standard","5":"has-post-thumbnail","7":"category-underhallning","8":"tag-entertainment","9":"tag-organization-expressen-kultur","10":"tag-se","11":"tag-sections-bocker","12":"tag-svenska","13":"tag-sverige","14":"tag-sweden","15":"tag-swedish","16":"tag-topic-bokrecensioner","17":"tag-underhallning"},"share_on_mastodon":{"url":"https:\/\/pubeurope.com\/@se\/115540482040893983","error":""},"_links":{"self":[{"href":"https:\/\/www.europesays.com\/se\/wp-json\/wp\/v2\/posts\/79194","targetHints":{"allow":["GET"]}}],"collection":[{"href":"https:\/\/www.europesays.com\/se\/wp-json\/wp\/v2\/posts"}],"about":[{"href":"https:\/\/www.europesays.com\/se\/wp-json\/wp\/v2\/types\/post"}],"author":[{"embeddable":true,"href":"https:\/\/www.europesays.com\/se\/wp-json\/wp\/v2\/users\/2"}],"replies":[{"embeddable":true,"href":"https:\/\/www.europesays.com\/se\/wp-json\/wp\/v2\/comments?post=79194"}],"version-history":[{"count":0,"href":"https:\/\/www.europesays.com\/se\/wp-json\/wp\/v2\/posts\/79194\/revisions"}],"wp:featuredmedia":[{"embeddable":true,"href":"https:\/\/www.europesays.com\/se\/wp-json\/wp\/v2\/media\/79195"}],"wp:attachment":[{"href":"https:\/\/www.europesays.com\/se\/wp-json\/wp\/v2\/media?parent=79194"}],"wp:term":[{"taxonomy":"category","embeddable":true,"href":"https:\/\/www.europesays.com\/se\/wp-json\/wp\/v2\/categories?post=79194"},{"taxonomy":"post_tag","embeddable":true,"href":"https:\/\/www.europesays.com\/se\/wp-json\/wp\/v2\/tags?post=79194"}],"curies":[{"name":"wp","href":"https:\/\/api.w.org\/{rel}","templated":true}]}}