{"id":79198,"date":"2025-11-13T04:25:16","date_gmt":"2025-11-13T04:25:16","guid":{"rendered":"https:\/\/www.europesays.com\/se\/79198\/"},"modified":"2025-11-13T04:25:16","modified_gmt":"2025-11-13T04:25:16","slug":"i-dag-bjorn-skjuten-av-algjagare-gjorde-utfall-vasterbottens-kuriren","status":"publish","type":"post","link":"https:\/\/www.europesays.com\/se\/79198\/","title":{"rendered":"I dag: Bj\u00f6rn skjuten av \u00e4lgj\u00e4gare \u2013 gjorde utfall &#8211; V\u00e4sterbottens-Kuriren"},"content":{"rendered":"<ol>\n<li><a href=\"https:\/\/news.google.com\/rss\/articles\/CBMigAFBVV95cUxNZGwwQWpmUi04d3RqZ1Q2eGo1d3lDSUNrY3BvSUZSbEZ2UGZVWUViSFF1eUh6RWhuaHJ4SGtRbmJSemE4bmh6YlBHeWthMXN5aE9ISXYtaXBvRWwyQ1RFVk03Snpadmg3Tk9BZWpBMzBBY05zZVlUMS1mYmtwZGlXVg?oc=5\" target=\"_blank\" rel=\"nofollow noopener\">I dag: Bj\u00f6rn skjuten av \u00e4lgj\u00e4gare \u2013 gjorde utfall<\/a>&nbsp;&nbsp;V\u00e4sterbottens-Kuriren<\/li>\n<li><a href=\"https:\/\/news.google.com\/rss\/articles\/CBMilAFBVV95cUxQQU1TNDdkTUIyTXhPX1dwNjhGNHlrODdvV2E1dmtrWHRiU1RkcTNWLU9tTHh3SzJPX19KSkNOdFB4NGhBN0toMXhDamVLY2w5RjN6ZTExN3YtN3NaZ0tJeGxuQlIzY1J0OEc3ZkRCWjh0U1VMS1VyV1RiYWZmU2NxdXdWZnZnbDhfRmpnR3BZSkl1VVJZ?oc=5\" target=\"_blank\" rel=\"nofollow noopener\">J\u00e4gare attackerades av bj\u00f6rn \u2013 fick skjuta i sj\u00e4lvf\u00f6rsvar<\/a>&nbsp;&nbsp;Svensk Jakt<\/li>\n<li><a href=\"https:\/\/news.google.com\/rss\/articles\/CBMirwFBVV95cUxQUnRwTTNFUWtUbWdMbG96VzhmQnh4alBPclRSSjN1elBwZHk0QmY4TEt6bFRNaUxXSmNfcEQ5dTBHRmV6YlZqX3dObXZQblRfWDVWZTBwZkFNV08yOVY4cVNJczlFdXBGa3BDVEtnb0xfcS1VbkVKLWh0UmxuZXdMOFdTSUY4MFc3OFFZNUFRVDhtT1EzcUxGTmRFZ2pGdTZIUm5wNFhLc0lDZzhWOUhZ?oc=5\" target=\"_blank\" rel=\"nofollow noopener\">Bj\u00f6rn skjuten under \u00e4lgjakt \u2013 misst\u00e4nkt jaktbrott utreds<\/a>&nbsp;&nbsp;Norran<\/li>\n<li><a href=\"https:\/\/news.google.com\/rss\/articles\/CBMisAFBVV95cUxOTlNQS2xtUl81SFZGNFdiTHRJbkJNWklib2ZCTkNtVXh1NXp1enFJUTRyT1J5TFNHNjRXX0taM1Iwbjkza0thM01yUFM3RTVJMUdZYUZ2RElTNjhqa0lGaVVkNm92TmNYb3h5bXdRTklFZm1FekxKWGtRczVEQ042bkh5S2tkYWlqRjl6NmpEYnJjQm4zZ0R6dkJhSHZoV3NLNl9nTTFGc2VHSXU3R2JCaQ?oc=5\" target=\"_blank\" rel=\"nofollow noopener\">Bj\u00f6rn skjuten under \u00e4lgjakt i Lycksele \u2013 misst\u00e4nkt jaktbrott<\/a>&nbsp;&nbsp;NSD<\/li>\n<li><a href=\"https:\/\/news.google.com\/rss\/articles\/CBMiigFBVV95cUxQUTlDelRnVGl5VHF5SGg5R3pUUzI3Wlc4TU9TMktNLWZQbEdBLWF2d1QxWVF3VUNFR3R2U3lVY3pUTnFtY0RDcEhuWkViYjRKM1QtVzctS1gzLW8wdThlMmxad25VTHR5a253UE9vSEI5MkpINV9zODVBWnFZSW92LUNGZzFRSF9mbmc?oc=5\" target=\"_blank\" rel=\"nofollow noopener\">Bj\u00f6rn gick till attack \u2013 sk\u00f6ts av j\u00e4gare<\/a>&nbsp;&nbsp;Aftonbladet<\/li>\n<\/ol>\n","protected":false},"excerpt":{"rendered":"I dag: Bj\u00f6rn skjuten av \u00e4lgj\u00e4gare \u2013 gjorde utfall&nbsp;&nbsp;V\u00e4sterbottens-Kuriren J\u00e4gare attackerades av bj\u00f6rn \u2013 fick skjuta i sj\u00e4lvf\u00f6rsvar&nbsp;&nbsp;Svensk&hellip;\n","protected":false},"author":2,"featured_media":79199,"comment_status":"","ping_status":"","sticky":false,"template":"","format":"standard","meta":{"footnotes":""},"categories":[14],"tags":[22,23,26,27,17,21,24,25,28,29,15,16,18,34,31,33,32,30,19,20,51,52,53,54],"class_list":{"0":"post-79198","1":"post","2":"type-post","3":"status-publish","4":"format-standard","5":"has-post-thumbnail","7":"category-varlden","8":"tag-breaking-news","9":"tag-breakingnews","10":"tag-featured-news","11":"tag-featurednews","12":"tag-headlines","13":"tag-huvudnyheter","14":"tag-latest-news","15":"tag-latestnews","16":"tag-main-news","17":"tag-mainnews","18":"tag-news","19":"tag-nyheter","20":"tag-rubriker","21":"tag-se","22":"tag-svenska","23":"tag-sverige","24":"tag-sweden","25":"tag-swedish","26":"tag-top-stories","27":"tag-topstories","28":"tag-varlden","29":"tag-world","30":"tag-world-news","31":"tag-worldnews"},"share_on_mastodon":{"url":"https:\/\/pubeurope.com\/@se\/115540493804473475","error":""},"_links":{"self":[{"href":"https:\/\/www.europesays.com\/se\/wp-json\/wp\/v2\/posts\/79198","targetHints":{"allow":["GET"]}}],"collection":[{"href":"https:\/\/www.europesays.com\/se\/wp-json\/wp\/v2\/posts"}],"about":[{"href":"https:\/\/www.europesays.com\/se\/wp-json\/wp\/v2\/types\/post"}],"author":[{"embeddable":true,"href":"https:\/\/www.europesays.com\/se\/wp-json\/wp\/v2\/users\/2"}],"replies":[{"embeddable":true,"href":"https:\/\/www.europesays.com\/se\/wp-json\/wp\/v2\/comments?post=79198"}],"version-history":[{"count":0,"href":"https:\/\/www.europesays.com\/se\/wp-json\/wp\/v2\/posts\/79198\/revisions"}],"wp:featuredmedia":[{"embeddable":true,"href":"https:\/\/www.europesays.com\/se\/wp-json\/wp\/v2\/media\/79199"}],"wp:attachment":[{"href":"https:\/\/www.europesays.com\/se\/wp-json\/wp\/v2\/media?parent=79198"}],"wp:term":[{"taxonomy":"category","embeddable":true,"href":"https:\/\/www.europesays.com\/se\/wp-json\/wp\/v2\/categories?post=79198"},{"taxonomy":"post_tag","embeddable":true,"href":"https:\/\/www.europesays.com\/se\/wp-json\/wp\/v2\/tags?post=79198"}],"curies":[{"name":"wp","href":"https:\/\/api.w.org\/{rel}","templated":true}]}}