{"id":79314,"date":"2025-11-13T07:11:07","date_gmt":"2025-11-13T07:11:07","guid":{"rendered":"https:\/\/www.europesays.com\/se\/79314\/"},"modified":"2025-11-13T07:11:07","modified_gmt":"2025-11-13T07:11:07","slug":"klimatet-i-terapi-av-nathan-grossman-passerar-alla-etiska-granser-kulturnytt","status":"publish","type":"post","link":"https:\/\/www.europesays.com\/se\/79314\/","title":{"rendered":"\u201dKlimatet i terapi\u201d av Nathan Grossman passerar alla etiska gr\u00e4nser &#8211; Kulturnytt"},"content":{"rendered":"<p><strong>Titel:<\/strong> Klimatet i terapi<br \/><strong>Regi:<\/strong> Nathan Grossman<br \/><strong>Genre:<\/strong> Dokument\u00e4r<br \/><strong>Betyg:<\/strong> 4 av 5<br \/><strong>G\u00e5r att se: <\/strong>Bio<\/p>\n<p><strong>Det roliga med Nathan<\/strong> Grossmans film \u201dKlimatet i terapi\u201d \u00e4r att sj\u00e4lva naturen, korallerna och sm\u00e5fisken och djungelv\u00e4xterna \u00e4r helt fr\u00e5nvarande. De sju klimatforskarna sitter p\u00e5 var sin obekv\u00e4m stol i ett vidrigt konferensrum i New Jersey, med d\u00f6dsbeigea v\u00e4ggar och spyf\u00e4rgad helt\u00e4ckningsmatta. Inst\u00e4ngda med ett helt livs forskning i huvudena och en sk\u00e4ggig Woody Allen-terapeut.<\/p>\n<p>Forskarna \u00e4r v\u00e4ldigt skeptiska till hela id\u00e9n. Att prata om sina egna, privata k\u00e4nslor inf\u00f6r den stora klimatkollapsen. Det h\u00e4r \u00e4r konstigt nog en v\u00e4ldigt rolig film, redan fr\u00e5n f\u00f6rsta rutan. Jag tror att alla som n\u00e5gonsin varit p\u00e5 en konferens med post it-lappar eller f\u00f6rs\u00f6kt l\u00f6sa problem i grupp k\u00e4nner igen det blytunga motst\u00e5ndet. Luften \u00e4r s\u00e5 tr\u00f6g att jag blir orolig f\u00f6r den stackars psykologens arbetsmilj\u00f6. Men han \u00e4r ett proffs ut i fingerspetsarna, har elfte september p\u00e5 meritlistan och lyckades till och med bota hundarna som hj\u00e4lpte till att leta \u00f6verlevande i ruinerna. De drabbades av depression.<\/p>\n<p>Nathan Grossman har gjort en film som passerat alla etiska gr\u00e4nser, han avlyssnar deltagarna i pauserna, snackar taktik med terapeuten. M\u00e5let \u00e4r att f\u00e5 de h\u00e5rdnackade, sifferstyrda vetenskaps-m\u00e4nnen att famla efter Kleenex-askarna. Gr\u00e5ta \u00f6ver de blekta korallreven, \u00f6versv\u00e4mningarna och den utarmade jordbruksmarken. Sj\u00e4lvklart lyckas han. \u00a0<\/p>\n<p class=\"byline\">Nina Asarnoj<br \/><a class=\"internal-link\" target=\"_self\" href=\"https:\/\/www.sverigesradio.se\/artikel\/mailto:nina.asarnoj@sverigesradio.se\" rel=\"nofollow noopener\">nina.asarnoj@sverigesradio.se<\/a><\/p>\n","protected":false},"excerpt":{"rendered":"Titel: Klimatet i terapiRegi: Nathan GrossmanGenre: Dokument\u00e4rBetyg: 4 av 5G\u00e5r att se: Bio Det roliga med Nathan Grossmans&hellip;\n","protected":false},"author":2,"featured_media":79315,"comment_status":"","ping_status":"","sticky":false,"template":"","format":"standard","meta":{"footnotes":""},"categories":[67],"tags":[900,904,104,903,902,194,898,899,787,171,901,34,31,33,32,30,905,105],"class_list":{"0":"post-79314","1":"post","2":"type-post","3":"status-publish","4":"format-standard","5":"has-post-thumbnail","7":"category-underhallning","8":"tag-bcker","9":"tag-dans","10":"tag-entertainment","11":"tag-film","12":"tag-konst","13":"tag-kultur","14":"tag-kulturnyheter","15":"tag-kulturnytt","16":"tag-lyssna","17":"tag-radio","18":"tag-recensioner","19":"tag-se","20":"tag-svenska","21":"tag-sverige","22":"tag-sweden","23":"tag-swedish","24":"tag-teater","25":"tag-underhallning"},"share_on_mastodon":{"url":"https:\/\/pubeurope.com\/@se\/115541148140447603","error":""},"_links":{"self":[{"href":"https:\/\/www.europesays.com\/se\/wp-json\/wp\/v2\/posts\/79314","targetHints":{"allow":["GET"]}}],"collection":[{"href":"https:\/\/www.europesays.com\/se\/wp-json\/wp\/v2\/posts"}],"about":[{"href":"https:\/\/www.europesays.com\/se\/wp-json\/wp\/v2\/types\/post"}],"author":[{"embeddable":true,"href":"https:\/\/www.europesays.com\/se\/wp-json\/wp\/v2\/users\/2"}],"replies":[{"embeddable":true,"href":"https:\/\/www.europesays.com\/se\/wp-json\/wp\/v2\/comments?post=79314"}],"version-history":[{"count":0,"href":"https:\/\/www.europesays.com\/se\/wp-json\/wp\/v2\/posts\/79314\/revisions"}],"wp:featuredmedia":[{"embeddable":true,"href":"https:\/\/www.europesays.com\/se\/wp-json\/wp\/v2\/media\/79315"}],"wp:attachment":[{"href":"https:\/\/www.europesays.com\/se\/wp-json\/wp\/v2\/media?parent=79314"}],"wp:term":[{"taxonomy":"category","embeddable":true,"href":"https:\/\/www.europesays.com\/se\/wp-json\/wp\/v2\/categories?post=79314"},{"taxonomy":"post_tag","embeddable":true,"href":"https:\/\/www.europesays.com\/se\/wp-json\/wp\/v2\/tags?post=79314"}],"curies":[{"name":"wp","href":"https:\/\/api.w.org\/{rel}","templated":true}]}}