{"id":79318,"date":"2025-11-13T07:13:16","date_gmt":"2025-11-13T07:13:16","guid":{"rendered":"https:\/\/www.europesays.com\/se\/79318\/"},"modified":"2025-11-13T07:13:16","modified_gmt":"2025-11-13T07:13:16","slug":"guld-och-silver-slar-tillbaka-rusar-efter-nya-rekord","status":"publish","type":"post","link":"https:\/\/www.europesays.com\/se\/79318\/","title":{"rendered":"Guld och silver sl\u00e5r tillbaka \u2013 rusar efter nya rekord"},"content":{"rendered":"<p>N\u00e4r riskaptiten gjorde ett nytt bes\u00f6k p\u00e5 b\u00f6rsen <a href=\"https:\/\/www.realtid.se\/bors-finans\/makro\/priset-pa-guld-rasar-analytikerna-varnar\/\" rel=\"nofollow noopener\" target=\"_blank\">st\u00f6rtade priset p\u00e5 guld och silver fr\u00e5n tidigare rekordniv\u00e5er<\/a>. Guldrekordet p\u00e5 4357 dollar sattes den 20:e oktober och f\u00f6r silver hamnade rekordet p\u00e5 54 dollar den 16:e oktober.<\/p>\n<p>Nu har \u00e4delmetallerna gjort en snabb rekyl. Guld har fortfarande omkring 150 dollar kvar till toppen, men silver har redan hittat tillbaka till rekordniv\u00e5n. <\/p>\n<p>F\u00f6rv\u00e4ntningar p\u00e5 nya r\u00e4ntes\u00e4nkningar, en svagare dollar, fortsatta guldk\u00f6p fr\u00e5n centralbanker och en bred r\u00e5varuoptimism driver redan upp priserna igen och samtliga faktorer kan forts\u00e4tta bana v\u00e4g f\u00f6r \u00e4nnu h\u00f6gre priser.<\/p>\n<p><img loading=\"lazy\" decoding=\"async\" width=\"1024\" height=\"584\" src=\"https:\/\/www.europesays.com\/se\/wp-content\/uploads\/2025\/11\/Skarmavbild-2025-11-13-kl.-07.21.27-1024x584.png\" alt=\"Guld\" class=\"wp-image-1580852\"  \/>Priset p\u00e5 guld kl\u00e4ttrar redan tillbaka mot rekordniv\u00e5n fr\u00e5n oktober. (Bild: TradingEconomics)R\u00e4ntes\u00e4nkningar och centralbanker eldar p\u00e5 uppg\u00e5ngen<\/p>\n<p>Det som nu ger ny fart \u00e5t guldpriset \u00e4r en perfekt storm av mjukare penningpolitik, svagare dollar och ih\u00e5llande centralbanksst\u00f6d. <a href=\"https:\/\/www.reuters.com\/world\/india\/gold-extends-rise-trump-signs-deal-lift-shutdown-2025-11-13\/\" rel=\"nofollow noopener\" target=\"_blank\">Enligt Reuters r\u00e4knar 8 av 10 ekonomer<\/a> med att den amerikanska centralbanken s\u00e4nker r\u00e4ntan ytterligare redan i december, f\u00f6r att st\u00f6tta en f\u00f6rsvagad arbetsmarknad. <\/p>\n<p>L\u00e5ga r\u00e4ntor g\u00f6r guld attraktivt eftersom det inte ger n\u00e5gon avkastning, men inte heller f\u00f6rlorar konkurrenskraft n\u00e4r obligationsr\u00e4ntorna sjunker.<\/p>\n<p>Centralbanker forts\u00e4tter samtidigt att bygga upp sina reserver. Det har gett guldmarknaden en stabil grund \u00e4ven n\u00e4r investerare sv\u00e4ngt mellan risk och s\u00e4kerhet. Efterfr\u00e5gan har varit s\u00e4rskilt stark i tillv\u00e4xtl\u00e4nder, d\u00e4r flera centralbanker vill minska sitt dollarberoende.<\/p>\n<p><strong>Guldets revansch<\/strong><br \/>\u2022 Spotpriset p\u00e5 guld har stigit omkring 60 procent hittills i \u00e5r<br \/>\u2022 Priset toppade p\u00e5 4357 dollar den 20 oktober<br \/>\u2022 Silver n\u00e4rmar sig rekordet 54 dollar per uns<br \/>\u2022 Investerare och centralbanker \u00f6kar sina innehav i takt med r\u00e4ntes\u00e4nkningar och fallande dollar<\/p>\n","protected":false},"excerpt":{"rendered":"N\u00e4r riskaptiten gjorde ett nytt bes\u00f6k p\u00e5 b\u00f6rsen st\u00f6rtade priset p\u00e5 guld och silver fr\u00e5n tidigare rekordniv\u00e5er. Guldrekordet&hellip;\n","protected":false},"author":2,"featured_media":79319,"comment_status":"","ping_status":"","sticky":false,"template":"","format":"standard","meta":{"footnotes":""},"categories":[65],"tags":[72,70,71,548,34,6974,31,33,32,30],"class_list":{"0":"post-79318","1":"post","2":"type-post","3":"status-publish","4":"format-standard","5":"has-post-thumbnail","7":"category-ekonomi","8":"tag-business","9":"tag-economy","10":"tag-ekonomi","11":"tag-guld","12":"tag-se","13":"tag-silver","14":"tag-svenska","15":"tag-sverige","16":"tag-sweden","17":"tag-swedish"},"share_on_mastodon":{"url":"","error":""},"_links":{"self":[{"href":"https:\/\/www.europesays.com\/se\/wp-json\/wp\/v2\/posts\/79318","targetHints":{"allow":["GET"]}}],"collection":[{"href":"https:\/\/www.europesays.com\/se\/wp-json\/wp\/v2\/posts"}],"about":[{"href":"https:\/\/www.europesays.com\/se\/wp-json\/wp\/v2\/types\/post"}],"author":[{"embeddable":true,"href":"https:\/\/www.europesays.com\/se\/wp-json\/wp\/v2\/users\/2"}],"replies":[{"embeddable":true,"href":"https:\/\/www.europesays.com\/se\/wp-json\/wp\/v2\/comments?post=79318"}],"version-history":[{"count":0,"href":"https:\/\/www.europesays.com\/se\/wp-json\/wp\/v2\/posts\/79318\/revisions"}],"wp:featuredmedia":[{"embeddable":true,"href":"https:\/\/www.europesays.com\/se\/wp-json\/wp\/v2\/media\/79319"}],"wp:attachment":[{"href":"https:\/\/www.europesays.com\/se\/wp-json\/wp\/v2\/media?parent=79318"}],"wp:term":[{"taxonomy":"category","embeddable":true,"href":"https:\/\/www.europesays.com\/se\/wp-json\/wp\/v2\/categories?post=79318"},{"taxonomy":"post_tag","embeddable":true,"href":"https:\/\/www.europesays.com\/se\/wp-json\/wp\/v2\/tags?post=79318"}],"curies":[{"name":"wp","href":"https:\/\/api.w.org\/{rel}","templated":true}]}}