{"id":79325,"date":"2025-11-13T07:21:23","date_gmt":"2025-11-13T07:21:23","guid":{"rendered":"https:\/\/www.europesays.com\/se\/79325\/"},"modified":"2025-11-13T07:21:23","modified_gmt":"2025-11-13T07:21:23","slug":"tappar-du-2-miljoner-i-pension-under-din-livstid","status":"publish","type":"post","link":"https:\/\/www.europesays.com\/se\/79325\/","title":{"rendered":"Tappar du 2 miljoner i pension under din livstid?"},"content":{"rendered":"<p>De g\u00e5r miste om 5 miljoner kronor i pension<\/p>\n<p>En h\u00f6ginkomsttagare f\u00f6rlorar ist\u00e4llet 20 000 kronor i m\u00e5naden i pension av att g\u00e5 vid 63 ist\u00e4llet f\u00f6r vid 67, ber\u00e4ttar Shoka \u00c5hrman. Lever man till 85 \u00e5rs \u00e5lder blir det 5 miljoner kronor l\u00e4gre pension \u00f6ver sin livstid.<\/p>\n<p>Detta har News55 skrivit om <a href=\"https:\/\/www.news55.se\/privatekonomi\/da-gar-du-miste-om-29-315-kronor-i-pension-varje-manad\/\" rel=\"nofollow noopener\" target=\"_blank\">tidigare<\/a>.<\/p>\n<p>\u201cI de h\u00e4r sammanhangen talar man ofta om l\u00e5ginkomsttagare, med all r\u00e4tt eftersom m\u00e5nga har det s\u00e5 tufft. Men de kompenseras i n\u00e5gon m\u00e5n av garantipensionen och andra delar av grundskyddet. H\u00f6ginkomsttagarna \u00e4r de som f\u00f6rlorar mest p\u00e5 att g\u00e5 i tidig pension, om man ser till kronor och \u00f6ren. Samtidigt har de i m\u00e5nga fall b\u00e4ttre m\u00f6jligheter \u00e4n andra att parera ett s\u00e5dant inkomstbortfall genom eget sparande\u201d, s\u00e4ger Shoka \u00c5hrman.<\/p>\n<p><img loading=\"lazy\" decoding=\"async\" width=\"1024\" height=\"512\" src=\"https:\/\/www.europesays.com\/se\/wp-content\/uploads\/2025\/11\/image-1024x512.png\" alt=\"pension\" class=\"wp-image-1161745\"  \/>Shoka \u00c5hrman. Foto: SPP\u00c5lderism och pension<\/p>\n<p>Men m\u00e5nga blir tvungna att sluta jobba tidigare p\u00e5 grund av \u00e5lderism eller utslitning p\u00e5 arbetsmarknaden.<\/p>\n<p>\u201cDe som hamnat utanf\u00f6r arbetsmarknaden n\u00e4r de \u00e4r \u00f6ver 50 \u00e5r har ofta v\u00e4ldigt sv\u00e5rt att ta sig tillbaka till arbetslivet. Det \u00e4r lite paradoxalt att vi har en arbetsmarknad som diskriminerar \u00e4ldre samtidigt som det finns en utbredd acceptans f\u00f6r att vi m\u00e5ste jobba h\u00f6gre upp i \u00e5ren. Det \u00e4r inte heller h\u00e5llbart\u201d, s\u00e4ger Shoka \u00c5hrman till Aftonbladet.<\/p>\n<p>L\u00e4s mer om ekonomi:<\/p>\n<p><a href=\"https:\/\/www.news55.se\/privatekonomi\/kan-man-ga-i-pension-med-300-000-kronor-pa-kontot\/\" rel=\"nofollow noopener\" target=\"_blank\">Kan man sluta jobba med 300 000 kronor p\u00e5 kontot?<\/a><\/p>\n<p><a href=\"https:\/\/www.news55.se\/privatekonomi\/rad-till-sveriges-chefer-tjanstepension-som-arets-julklapp\/\" rel=\"nofollow noopener\" target=\"_blank\">R\u00e5d till Sveriges chefer: Tj\u00e4nstepension som \u201c\u00e5rets julklapp\u201d<\/a><\/p>\n<p><a href=\"https:\/\/www.news55.se\/privatekonomi\/lasare-stall-din-fraga-om-pension-till-news55\/\" rel=\"nofollow noopener\" target=\"_blank\">L\u00e4sare, st\u00e4ll din fr\u00e5ga till News55<\/a><\/p>\n<p><a href=\"https:\/\/www.news55.se\/privatekonomi\/da-ska-du-inte-amortera-av-bolanet-innan-pension\/\" rel=\"nofollow noopener\" target=\"_blank\">D\u00e5 ska du INTE amortera av bol\u00e5net innan pensions\u00e5ldern<\/a><\/p>\n<p><a href=\"https:\/\/www.news55.se\/privatekonomi\/ojamstallt-vab-och-foraldraledighet-en-riktig-pensionsfalla\/\" rel=\"nofollow noopener\" target=\"_blank\">Oj\u00e4mst\u00e4llt: VAB och f\u00f6r\u00e4ldraledighet en riktig pensionsf\u00e4lla<\/a><\/p>\n<p>L\u00e4s mer fr\u00e5n News55 &#8211; v\u00e5rt nyhetsbrev \u00e4r kostnadsfritt:Prenumerera<\/p>\n","protected":false},"excerpt":{"rendered":"De g\u00e5r miste om 5 miljoner kronor i pension En h\u00f6ginkomsttagare f\u00f6rlorar ist\u00e4llet 20 000 kronor i m\u00e5naden&hellip;\n","protected":false},"author":2,"featured_media":79326,"comment_status":"","ping_status":"","sticky":false,"template":"","format":"standard","meta":{"footnotes":""},"categories":[65],"tags":[5654,72,70,71,6949,6950,1421,5384,6975,34,6488,6489,31,33,32,30,3648],"class_list":{"0":"post-79325","1":"post","2":"type-post","3":"status-publish","4":"format-standard","5":"has-post-thumbnail","7":"category-ekonomi","8":"tag-allman-pension","9":"tag-business","10":"tag-economy","11":"tag-ekonomi","12":"tag-inkomstpension","13":"tag-news55","14":"tag-pension","15":"tag-pensionar","16":"tag-riktalder","17":"tag-se","18":"tag-shoka-ahrman","19":"tag-spp","20":"tag-svenska","21":"tag-sverige","22":"tag-sweden","23":"tag-swedish","24":"tag-tjanstepension"},"share_on_mastodon":{"url":"https:\/\/pubeurope.com\/@se\/115541186046836766","error":""},"_links":{"self":[{"href":"https:\/\/www.europesays.com\/se\/wp-json\/wp\/v2\/posts\/79325","targetHints":{"allow":["GET"]}}],"collection":[{"href":"https:\/\/www.europesays.com\/se\/wp-json\/wp\/v2\/posts"}],"about":[{"href":"https:\/\/www.europesays.com\/se\/wp-json\/wp\/v2\/types\/post"}],"author":[{"embeddable":true,"href":"https:\/\/www.europesays.com\/se\/wp-json\/wp\/v2\/users\/2"}],"replies":[{"embeddable":true,"href":"https:\/\/www.europesays.com\/se\/wp-json\/wp\/v2\/comments?post=79325"}],"version-history":[{"count":0,"href":"https:\/\/www.europesays.com\/se\/wp-json\/wp\/v2\/posts\/79325\/revisions"}],"wp:featuredmedia":[{"embeddable":true,"href":"https:\/\/www.europesays.com\/se\/wp-json\/wp\/v2\/media\/79326"}],"wp:attachment":[{"href":"https:\/\/www.europesays.com\/se\/wp-json\/wp\/v2\/media?parent=79325"}],"wp:term":[{"taxonomy":"category","embeddable":true,"href":"https:\/\/www.europesays.com\/se\/wp-json\/wp\/v2\/categories?post=79325"},{"taxonomy":"post_tag","embeddable":true,"href":"https:\/\/www.europesays.com\/se\/wp-json\/wp\/v2\/tags?post=79325"}],"curies":[{"name":"wp","href":"https:\/\/api.w.org\/{rel}","templated":true}]}}