{"id":79348,"date":"2025-11-13T07:50:25","date_gmt":"2025-11-13T07:50:25","guid":{"rendered":"https:\/\/www.europesays.com\/se\/79348\/"},"modified":"2025-11-13T07:50:25","modified_gmt":"2025-11-13T07:50:25","slug":"nytt-b-lag-i-chl-ny-overkorning-hockeysverige-se","status":"publish","type":"post","link":"https:\/\/www.europesays.com\/se\/79348\/","title":{"rendered":"Nytt \u201dB-lag\u201d i CHL \u2013 ny \u00f6verk\u00f6rning &#8211; hockeysverige.se"},"content":{"rendered":"<ol>\n<li><a href=\"https:\/\/news.google.com\/rss\/articles\/CBMilAFBVV95cUxNTkJkVkpXT3NDWEF4TG1JYzlrb19KQVdLNmNpZDd2N1A3YUFkSTRERmxEeWRmY1BZYVE2OU9odE1zYm04aE9ReHFRaEpXZE1GdjZBWjVSYzZFSElhNGNYX3RZT0g3c0xMdnFrVXlOcHQtWWVNR1B6WUYyUVV5ZlpiWm1kMXBnNW5LSzhqZDVYYWxMRGcy?oc=5\" target=\"_blank\" rel=\"nofollow noopener\">Nytt \u201dB-lag\u201d i CHL \u2013 ny \u00f6verk\u00f6rning<\/a>&nbsp;&nbsp;hockeysverige.se<\/li>\n<li><a href=\"https:\/\/news.google.com\/rss\/articles\/CBMiqgFBVV95cUxNODRVeTlUT2hpS1F4Tl9ZeDBJcjJyNE5vNl9sekVWZ2dHSVZjbFh1dC1jblFUaGo5OEYzYTMtZ3BIR0lfLVVMZmtlbG54ZUJzTEN6aG5RcXMydkJ6ZlRkZldkaHpRYmx2ZWNJRjRnOTE5Zi1IZjE4OHZ0TkhIbVphNENyLUNtZHlweEY1S2hkSWlfc3R5WE5LaDZBVGFSU2szRXBsTEV0Tm5Kdw?oc=5\" target=\"_blank\" rel=\"nofollow noopener\">Slut\u00e4ltat efter deppiga hockeyh\u00f6sten: &#8221;K\u00e4nner framtidstro&#8221;<\/a>&nbsp;&nbsp;NSD<\/li>\n<li><a href=\"https:\/\/news.google.com\/rss\/articles\/CBMimgFBVV95cUxNUUs0dWNGakNtM1l5R18wQUVvTHhQLVJzTzVrcFIyeE0wd3VFRE1aaWs1NVo4RGFwdkVHMzRuRTFlUmwxT2V0d0V1UjVzLVFvQXM3UnBxYm5SWkl3Nl9IODBsYzB5d2VKRmdOc2FhMVR4SG4zNGFlemdvMmdnUldLUnlKRGRpTzNKREJKWm52SkdIQi1qTXI5eHJR?oc=5\" target=\"_blank\" rel=\"nofollow noopener\">Shinnimin m\u00e5lskytt i sin comeback<\/a>&nbsp;&nbsp;Aftonbladet<\/li>\n<li><a href=\"https:\/\/news.google.com\/rss\/articles\/CBMiWEFVX3lxTE4zRmVfQ2JtUjA1bVR3NXdnU0ZHWUQ2clk3cnlxeGdINVZlNTRKcUVxckNaeUs3SFJ1WDhIQTUwV1R1X1RQaU0ycEtDdGF3WGhvcHBHTnJjcXU?oc=5\" target=\"_blank\" rel=\"nofollow noopener\">Lule\u00e5 och Fr\u00f6lunda vann \u2013 medan Bryn\u00e4s f\u00f6ll<\/a>&nbsp;&nbsp;SHL<\/li>\n<li><a href=\"https:\/\/news.google.com\/rss\/articles\/CBMitgFBVV95cUxOWFNRSF9wWmdLakxXcnJUNU0zdVluRXVxNGlhUW1XV2lDc2dFLVpMNk5obDZkcVlXdTJLbmEySjROZUtzRG1udWJXejFaUGYxaUo5X2ZVX3ZfQ0lobndWMzllQTN4M0xPbWZiREEwTExURjZ2bEJ1UmhGdjF3UGxSZk9GNkV4dHBxMy0yajBJX2tXMndHYWlhU21ORUdqNHBoQkRnNUE5d1lTRmtTVjRMNENyS0pvUQ?oc=5\" target=\"_blank\" rel=\"nofollow noopener\">Talangen t\u00e4nker ta kampen: &#8221;Kommer g\u00f6ra allt jag kan \u2013 varje dag&#8221;<\/a>&nbsp;&nbsp;Kuriren<\/li>\n<\/ol>\n","protected":false},"excerpt":{"rendered":"Nytt \u201dB-lag\u201d i CHL \u2013 ny \u00f6verk\u00f6rning&nbsp;&nbsp;hockeysverige.se Slut\u00e4ltat efter deppiga hockeyh\u00f6sten: &#8221;K\u00e4nner framtidstro&#8221;&nbsp;&nbsp;NSD Shinnimin m\u00e5lskytt i sin comeback&nbsp;&nbsp;Aftonbladet&hellip;\n","protected":false},"author":2,"featured_media":79349,"comment_status":"","ping_status":"","sticky":false,"template":"","format":"standard","meta":{"footnotes":""},"categories":[5],"tags":[22,23,26,27,17,21,24,25,28,29,15,16,18,34,133,31,33,32,30,19,20],"class_list":{"0":"post-79348","1":"post","2":"type-post","3":"status-publish","4":"format-standard","5":"has-post-thumbnail","7":"category-rubriker","8":"tag-breaking-news","9":"tag-breakingnews","10":"tag-featured-news","11":"tag-featurednews","12":"tag-headlines","13":"tag-huvudnyheter","14":"tag-latest-news","15":"tag-latestnews","16":"tag-main-news","17":"tag-mainnews","18":"tag-news","19":"tag-nyheter","20":"tag-rubriker","21":"tag-se","22":"tag-second-news","23":"tag-svenska","24":"tag-sverige","25":"tag-sweden","26":"tag-swedish","27":"tag-top-stories","28":"tag-topstories"},"share_on_mastodon":{"url":"https:\/\/pubeurope.com\/@se\/115541299945973981","error":""},"_links":{"self":[{"href":"https:\/\/www.europesays.com\/se\/wp-json\/wp\/v2\/posts\/79348","targetHints":{"allow":["GET"]}}],"collection":[{"href":"https:\/\/www.europesays.com\/se\/wp-json\/wp\/v2\/posts"}],"about":[{"href":"https:\/\/www.europesays.com\/se\/wp-json\/wp\/v2\/types\/post"}],"author":[{"embeddable":true,"href":"https:\/\/www.europesays.com\/se\/wp-json\/wp\/v2\/users\/2"}],"replies":[{"embeddable":true,"href":"https:\/\/www.europesays.com\/se\/wp-json\/wp\/v2\/comments?post=79348"}],"version-history":[{"count":0,"href":"https:\/\/www.europesays.com\/se\/wp-json\/wp\/v2\/posts\/79348\/revisions"}],"wp:featuredmedia":[{"embeddable":true,"href":"https:\/\/www.europesays.com\/se\/wp-json\/wp\/v2\/media\/79349"}],"wp:attachment":[{"href":"https:\/\/www.europesays.com\/se\/wp-json\/wp\/v2\/media?parent=79348"}],"wp:term":[{"taxonomy":"category","embeddable":true,"href":"https:\/\/www.europesays.com\/se\/wp-json\/wp\/v2\/categories?post=79348"},{"taxonomy":"post_tag","embeddable":true,"href":"https:\/\/www.europesays.com\/se\/wp-json\/wp\/v2\/tags?post=79348"}],"curies":[{"name":"wp","href":"https:\/\/api.w.org\/{rel}","templated":true}]}}