{"id":79394,"date":"2025-11-13T08:46:12","date_gmt":"2025-11-13T08:46:12","guid":{"rendered":"https:\/\/www.europesays.com\/se\/79394\/"},"modified":"2025-11-13T08:46:12","modified_gmt":"2025-11-13T08:46:12","slug":"socialstyrelsens-rad-bidrar-till-langre-vardkoer","status":"publish","type":"post","link":"https:\/\/www.europesays.com\/se\/79394\/","title":{"rendered":"Socialstyrelsens r\u00e5d bidrar till l\u00e4ngre v\u00e5rdk\u00f6er"},"content":{"rendered":"<p>Publicerad 13 nov 2025 kl 06.10<\/p>\n<p>Alla som har n\u00e5gra v\u00e4lf\u00e4rdskilon och brukar dricka tre \u00f6l varje fredag ska f\u00e5 v\u00e5rd. \u00c4r n\u00e5gon f\u00f6rv\u00e5nad \u00f6ver att k\u00f6erna v\u00e4xer?<\/p>\n<p><img   alt=\"\"\/><\/p>\n<p>F\u00f6redrar du bea framf\u00f6r spinning? Kanske har du en dold sjukdom.<\/p>\n<p>Foto: ANNA H\u00c3\u00a5LLAMS \/ EXPRESSEN \/ ANNA H\u00c5LLAMS \/ EXPRESSEN<\/p>\n<p>\u00d6ppna bild i helsk\u00e4rm<img loading=\"lazy\"   alt=\"\"\/><\/p>\n<p>Fyra av tio svenskar dricker mer \u00e4n Socialstyrelsen rekommenderar.<\/p>\n<p>Foto: Janerik Henriksson \/ TT NYHETSBYR\u00c5N<\/p>\n<p>\u00d6ppna bild i helsk\u00e4rm<img loading=\"lazy\"   alt=\"\"\/><\/p>\n<p>Socialstyrelsen vill att en majoritet av vuxna svenskar ska f\u00e5 r\u00e5d om livsstil.<\/p>\n<p>Foto: Patrik C \u00d6sterberg \/ IBL<\/p>\n<p>\u00d6ppna bild i helsk\u00e4rm<\/p>\n<p>F\u00f6r att bli r\u00e5dgivare inom kost och tr\u00e4ning kr\u00e4vs tolv \u00e5rs studier och praktik. Det l\u00e5ter l\u00e5ngt. Men det \u00e4r tiden det tar f\u00f6r att bli specialist i allm\u00e4nmedicin.<\/p>\n<p>Att uppt\u00e4cka och behandla sjukdomar \u00e4r n\u00e4mligen inte det enda l\u00e4karna p\u00e5 v\u00e5rdcentralen \u00e4r \u00e5lagda att g\u00f6ra. De ska numera i allt h\u00f6gre utstr\u00e4ckning f\u00f6rs\u00f6ka se till att sjukdom \u00f6verhuvudtaget inte uppst\u00e5r.<\/p>\n<p>S\u00e5 \u00e4r det i alla fall i teorin. I praktiken skulle l\u00e4karna beh\u00f6va arbeta 14 timmar om dagen med f\u00f6rebyggande \u00e5tg\u00e4rder, visar en ny <a href=\"https:\/\/snsse.cdn.triggerfish.cloud\/uploads\/2025\/11\/sns-analys-111-overtro-pa-prevention-kan-ge-ineffektiv-och-ojamlik-vard.pdf\" rel=\"nofollow noopener\" target=\"_blank\">rapport<\/a> av tankesmedjan SNS, f\u00f6rfattad av l\u00e4karen och forskaren Minna Johansson.<\/p>\n<p><strong>De allt h\u00f6gre kraven p\u00e5 f\u00f6rebyggande v\u00e5rd \u00e4r en underskattad orsak till de v\u00e4xande k\u00f6erna. Trots att v\u00e5rden slukar en dubbelt s\u00e5 stor andel av bnp i dag j\u00e4mf\u00f6rt med 1970-talet f\u00e5r m\u00e5nga svenskar inte v\u00e5rd i tid.\u00a0<\/strong><\/p>\n<p>F\u00f6rebyggande v\u00e5rd kan f\u00f6rvisso tyckas vettigt. Problemet \u00e4r att gr\u00e4nsv\u00e4rdena f\u00f6r vad som definieras som \u201dsjukt\u201d har s\u00e4nkts, ofta med oklar nytta. Enligt nuvarande riktlinjer skulle 80 procent av alla vuxna svenskar troligen beh\u00f6va f\u00f6rebyggande v\u00e5rd f\u00f6r hj\u00e4rt-k\u00e4rlsjukdom. H\u00e4lften av alla friska medel\u00e5lders skulle beh\u00f6va blodfetts\u00e4nkande behandling.<\/p>\n<p>Ofta omfattar den f\u00f6rebyggande behandlingen livsstilsr\u00e5d. Enligt <a href=\"https:\/\/www.expressen.se\/tagg\/organization\/socialstyrelsen\/\" class=\"\" rel=\"nofollow noopener\" target=\"_blank\">Socialstyrelsen<\/a> ska dessa ges till patienter med \u201dh\u00f6g risk\u201d, vilket innefattar alla med en kronisk sjukdom, flera oh\u00e4lsosamma livsstilsvanor eller alkoholkonsumtion \u00f6ver \u201dgr\u00e4nsen\u201d. Det r\u00f6r sig allts\u00e5 om en majoritet av befolkningen, eftersom fler \u00e4n fem av tio vuxna svenskar \u00e4r \u00f6verviktiga, fyra av tio dricker mer \u00e4n de nya riktlinjerna rekommenderar och h\u00e4lften har en kronisk sjukdom.<\/p>\n<blockquote><p>Statens byr\u00e5krater jagar efter v\u00e5rdpersonalen med m\u00e5lbilder och handlingsplaner i h\u00f6gsta hugg.<\/p><\/blockquote>\n<p>Kanske vore det enklare om Socialstyrelsen helt enkelt f\u00f6rde listor \u00f6ver vilken livsstil man m\u00e5ste ha f\u00f6r att inte betraktas som sjuk och d\u00e4rmed f\u00e5 slippa r\u00e5den.<\/p>\n<p><strong>Nog vore det bra f\u00f6r folkh\u00e4lsan om alla vuxna gick p\u00e5 spinning tre dagar i veckan och aldrig \u00e5t bearnaises\u00e5s. Men det vetenskapliga st\u00f6det f\u00f6r att tjat fr\u00e5n v\u00e5rden har effekt \u00e4r svagt. \u00c4nd\u00e5 r\u00e4knar Socialstyrelsen, som st\u00e5r f\u00f6r rekommendationerna, s\u00e5dana \u00e5tg\u00e4rder som bra och kostnadseffektiva. Detta trots risken f\u00f6r att annan v\u00e5rd tr\u00e4ngs undan.\u00a0<\/strong><\/p>\n<p>L\u00e4karnas tid \u00e4r inte o\u00e4ndlig.<\/p>\n<p>Turligt nog \u00e4r m\u00e5nga l\u00e4kare klokare \u00e4n Socialstyrelsen. Trots att de nationella riktlinjerna p\u00e5bjuder snack om motion, kost och snus \u00e4r det bara mellan en och sju procent av patienterna p\u00e5 landets v\u00e5rdcentraler som f\u00e5r r\u00e5d, enligt myndigheten.<\/p>\n<p>Men statens byr\u00e5krater jagar efter v\u00e5rdpersonalen med m\u00e5lbilder och <a href=\"https:\/\/www.socialstyrelsen.se\/contentassets\/17c34fc0dcd3477a98ce273f19b0badb\/2024-11-9272.pdf\" rel=\"nofollow noopener\" target=\"_blank\">handlingsplaner<\/a> i h\u00f6gsta hugg. Socialstyrelsen f\u00f6ljer regelbundet upp hur v\u00e4l regionerna arbetar med livsstilsr\u00e5den. I fjol\u00e5rets upplaga av \u201dprioriteringsst\u00f6det\u201d st\u00e5r klart och tydligt att \u00e4nnu fler \u201dpatienter\u201d ska omfattas, och att \u201dmer tid\u201d ska avs\u00e4ttas f\u00f6r att \u201dkunna ge st\u00f6d till personer med oh\u00e4lsosamma levnadsvanor\u201d.\u00a0<\/p>\n<p>Politikerna m\u00e5ste dra i n\u00f6dbromsen. Det \u00e4r bisarrt att myndigheterna piskar p\u00e5 f\u00f6r livsstilsf\u00f6rh\u00f6r f\u00f6r alla med n\u00e5gra trivselkilon samtidigt som sjukhus <a href=\"https:\/\/www.nt.se\/nyheter\/norrkoping\/artikel\/foralderns-oro-blir-det-akut-lagt-ar-det-ju-livsfarligt\/jp2kp0mr\" rel=\"nofollow noopener\" target=\"_blank\">drar ner p\u00e5 v\u00e5rd<\/a> till kroniskt sjuka barn. Det om n\u00e5got \u00e4r ett brott mot principen om att de med st\u00f6rst behov ska g\u00e5 f\u00f6rst.<\/p>\n<p><strong>L\u00c4S MER: <\/strong><a href=\"https:\/\/www.expressen.se\/ledare\/karin-pihl\/sverige-nu-tre-procent--roligare-vem-tar-ansvar\/\" class=\"\" rel=\"nofollow noopener\" target=\"_blank\">Sverige nu tre procent roligare \u2013 vem tar ansvar?<\/a><strong>L\u00c4S MER: <\/strong><a href=\"https:\/\/www.expressen.se\/ledare\/karin-pihl\/han-kan-ha-klackt--arets-samsta-ide\/\" class=\"\" rel=\"nofollow noopener\" target=\"_blank\">Han kan ha kl\u00e4ckt \u00e5rets s\u00e4msta id\u00e9<\/a><a href=\"https:\/\/www.expressen.se\/nyhetsbrev\/\" title=\"Anm\u00e4l dig till ledarbrevet\" rel=\"nofollow noopener\" target=\"_blank\"><br \/>\n  <img decoding=\"async\" style=\"max-width:100%;display:block;\" src=\"https:\/\/www.europesays.com\/se\/wp-content\/uploads\/2025\/08\/640@60.jpg\"\/><br \/>\n<\/a><\/p>\n","protected":false},"excerpt":{"rendered":"Publicerad 13 nov 2025 kl 06.10 Alla som har n\u00e5gra v\u00e4lf\u00e4rdskilon och brukar dricka tre \u00f6l varje fredag&hellip;\n","protected":false},"author":2,"featured_media":79395,"comment_status":"","ping_status":"","sticky":false,"template":"","format":"standard","meta":{"footnotes":""},"categories":[12],"tags":[22,23,26,27,17,21,24,25,28,29,15,16,6978,4649,18,34,31,33,32,30,19,688,996,20],"class_list":{"0":"post-79394","1":"post","2":"type-post","3":"status-publish","4":"format-standard","5":"has-post-thumbnail","7":"category-sverige","8":"tag-breaking-news","9":"tag-breakingnews","10":"tag-featured-news","11":"tag-featurednews","12":"tag-headlines","13":"tag-huvudnyheter","14":"tag-latest-news","15":"tag-latestnews","16":"tag-main-news","17":"tag-mainnews","18":"tag-news","19":"tag-nyheter","20":"tag-organization-sns","21":"tag-organization-socialstyrelsen","22":"tag-rubriker","23":"tag-se","24":"tag-svenska","25":"tag-sverige","26":"tag-sweden","27":"tag-swedish","28":"tag-top-stories","29":"tag-topic-halsa-sjukvard","30":"tag-topic-myndigheter","31":"tag-topstories"},"share_on_mastodon":{"url":"https:\/\/pubeurope.com\/@se\/115541520353256069","error":""},"_links":{"self":[{"href":"https:\/\/www.europesays.com\/se\/wp-json\/wp\/v2\/posts\/79394","targetHints":{"allow":["GET"]}}],"collection":[{"href":"https:\/\/www.europesays.com\/se\/wp-json\/wp\/v2\/posts"}],"about":[{"href":"https:\/\/www.europesays.com\/se\/wp-json\/wp\/v2\/types\/post"}],"author":[{"embeddable":true,"href":"https:\/\/www.europesays.com\/se\/wp-json\/wp\/v2\/users\/2"}],"replies":[{"embeddable":true,"href":"https:\/\/www.europesays.com\/se\/wp-json\/wp\/v2\/comments?post=79394"}],"version-history":[{"count":0,"href":"https:\/\/www.europesays.com\/se\/wp-json\/wp\/v2\/posts\/79394\/revisions"}],"wp:featuredmedia":[{"embeddable":true,"href":"https:\/\/www.europesays.com\/se\/wp-json\/wp\/v2\/media\/79395"}],"wp:attachment":[{"href":"https:\/\/www.europesays.com\/se\/wp-json\/wp\/v2\/media?parent=79394"}],"wp:term":[{"taxonomy":"category","embeddable":true,"href":"https:\/\/www.europesays.com\/se\/wp-json\/wp\/v2\/categories?post=79394"},{"taxonomy":"post_tag","embeddable":true,"href":"https:\/\/www.europesays.com\/se\/wp-json\/wp\/v2\/tags?post=79394"}],"curies":[{"name":"wp","href":"https:\/\/api.w.org\/{rel}","templated":true}]}}