{"id":7949,"date":"2025-08-18T15:05:28","date_gmt":"2025-08-18T15:05:28","guid":{"rendered":"https:\/\/www.europesays.com\/se\/7949\/"},"modified":"2025-08-18T15:05:28","modified_gmt":"2025-08-18T15:05:28","slug":"svagt-novo-nordisk-kan-bli-giftig-cocktail-for-danmark","status":"publish","type":"post","link":"https:\/\/www.europesays.com\/se\/7949\/","title":{"rendered":"Svagt Novo Nordisk kan bli \u201dgiftig cocktail\u201d f\u00f6r Danmark"},"content":{"rendered":"<p>Efter flera goda \u00e5r av stark tillv\u00e4xt har Danmarks ekonomi b\u00f6rjat hacka. Detta till stor del p\u00e5 grund av l\u00e4kemedelsj\u00e4tten Novo Nordisk. <\/p>\n<p>\u2013 N\u00e4r Novo Nordisk v\u00e4xer l\u00e5ngsammare, d\u00e5 v\u00e4xer Danmark l\u00e5ngsammare, s\u00e4ger Danske Banks chefsekonom Las Olsen till Ekot. <\/p>\n<p>L\u00e4kemedelsj\u00e4ttens signaler i sommar om svagare tillv\u00e4xt, samt vindkraftsbolaget \u00d8rsteds skriande kapitalbehov om 60 miljarder danska kronor efter misslyckade aff\u00e4rer i USA riskerar att bli en \u201dgiftig cocktail\u201d f\u00f6r dansk ekonomi, menar DR-journalisten Jakob Ussing. <\/p>\n<p>Men b\u00e5de han och Las Olsen p\u00e5pekar dock att Danmark har \u201durstarka finanser\u201d f\u00f6r att m\u00f6ta s\u00e4mre ekonomiska tider.  <\/p>\n<p>Omni \u00e4r politiskt obundna och oberoende. Vi str\u00e4var efter att ge fler perspektiv p\u00e5 nyheterna. Har du fr\u00e5gor eller synpunkter kring v\u00e5r rapportering? <a href=\"https:\/\/omni.se\/svagt-novo-nordisk-kan-bli-giftig-cocktail-for-danmark\/a\/mailto:redaktion@omni.se\" class=\"ArticleActions_contactLink__W2F1M\" rel=\"nofollow noopener\" target=\"_blank\">Kontakta redaktionen<\/a><\/p>\n","protected":false},"excerpt":{"rendered":"Efter flera goda \u00e5r av stark tillv\u00e4xt har Danmarks ekonomi b\u00f6rjat hacka. Detta till stor del p\u00e5 grund&hellip;\n","protected":false},"author":2,"featured_media":7950,"comment_status":"","ping_status":"","sticky":false,"template":"","format":"standard","meta":{"footnotes":""},"categories":[65],"tags":[72,1205,70,71,267,538,1206,34,31,33,32,30],"class_list":{"0":"post-7949","1":"post","2":"type-post","3":"status-publish","4":"format-standard","5":"has-post-thumbnail","7":"category-ekonomi","8":"tag-business","9":"tag-danmark","10":"tag-economy","11":"tag-ekonomi","12":"tag-europa","13":"tag-lakemedel-medicinteknik","14":"tag-novo-nordisk","15":"tag-se","16":"tag-svenska","17":"tag-sverige","18":"tag-sweden","19":"tag-swedish"},"share_on_mastodon":{"url":"","error":""},"_links":{"self":[{"href":"https:\/\/www.europesays.com\/se\/wp-json\/wp\/v2\/posts\/7949","targetHints":{"allow":["GET"]}}],"collection":[{"href":"https:\/\/www.europesays.com\/se\/wp-json\/wp\/v2\/posts"}],"about":[{"href":"https:\/\/www.europesays.com\/se\/wp-json\/wp\/v2\/types\/post"}],"author":[{"embeddable":true,"href":"https:\/\/www.europesays.com\/se\/wp-json\/wp\/v2\/users\/2"}],"replies":[{"embeddable":true,"href":"https:\/\/www.europesays.com\/se\/wp-json\/wp\/v2\/comments?post=7949"}],"version-history":[{"count":0,"href":"https:\/\/www.europesays.com\/se\/wp-json\/wp\/v2\/posts\/7949\/revisions"}],"wp:featuredmedia":[{"embeddable":true,"href":"https:\/\/www.europesays.com\/se\/wp-json\/wp\/v2\/media\/7950"}],"wp:attachment":[{"href":"https:\/\/www.europesays.com\/se\/wp-json\/wp\/v2\/media?parent=7949"}],"wp:term":[{"taxonomy":"category","embeddable":true,"href":"https:\/\/www.europesays.com\/se\/wp-json\/wp\/v2\/categories?post=7949"},{"taxonomy":"post_tag","embeddable":true,"href":"https:\/\/www.europesays.com\/se\/wp-json\/wp\/v2\/tags?post=7949"}],"curies":[{"name":"wp","href":"https:\/\/api.w.org\/{rel}","templated":true}]}}