{"id":79497,"date":"2025-11-13T10:29:13","date_gmt":"2025-11-13T10:29:13","guid":{"rendered":"https:\/\/www.europesays.com\/se\/79497\/"},"modified":"2025-11-13T10:29:13","modified_gmt":"2025-11-13T10:29:13","slug":"de-loper-hogst-risk-for-utmattningssyndrom-kvinnor-runt-40-ar-i-kommuner-och-regioner","status":"publish","type":"post","link":"https:\/\/www.europesays.com\/se\/79497\/","title":{"rendered":"De l\u00f6per h\u00f6gst risk f\u00f6r utmattningssyndrom: Kvinnor runt 40 \u00e5r i kommuner och regioner"},"content":{"rendered":"<p>\n          Pressmeddelande &#8211;<br \/>\n13 November 2025 07:30<\/p>\n<p>    Dela<\/p>\n<p>\n          L\u00e4nk kopierad!\n        <\/p>\n<p>          <a class=\"ghost-btn-with-icon svg-stroke\" rel=\"nofollow noopener\" aria-label=\"Ladda ned som PDF\" href=\"https:\/\/www.mynewsdesk.com\/se\/afa-forsakring\/pressreleases\/de-loeper-hoegst-risk-foer-utmattningssyndrom-kvinnor-runt-40-aar-i-kommuner-och-regioner-3415723.pdf\" target=\"_blank\"><\/p>\n<p>            Ladda ner<br \/>\n<\/a>      <\/p>\n<p><strong>En ny rapport fr\u00e5n Afa F\u00f6rs\u00e4kring visar att kvinnor i \u00e5ldern 36\u201345 \u00e5r inom kommuner och regioner l\u00f6per st\u00f6rst risk f\u00f6r l\u00e5ngvarig sjukfr\u00e5nvaro p\u00e5 grund av utmattningssyndrom. Yrkesgrupper inom socialt arbete s\u00e5som socialsekreterare, kuratorer och psykologer \u00e4r s\u00e4rskilt utsatta, f\u00f6ljt av chefsyrken.<\/strong><\/p>\n<p>\u2013 Utmattningssyndrom utgjorde \u00e5r 2019\u20132023 h\u00e4lften av de 53 903 l\u00e5nga sjukfallen inom diagnosgruppen reaktion p\u00e5 sv\u00e5r stress. Vi ser att kvinnor generellt sett har betydligt h\u00f6gre risk \u00e4n m\u00e4n f\u00f6r l\u00e5ngvarig sjukfr\u00e5nvaro p\u00e5 grund av utmattningssyndrom. H\u00f6gst risk har kvinnor i kommuner och regioner, s\u00e4ger Andreas Ek, analytiker och statistiker p\u00e5 Afa F\u00f6rs\u00e4kring som tagit fram rapporten.<\/p>\n<p>Rapporten bygger p\u00e5 statistik fr\u00e5n Afa F\u00f6rs\u00e4krings skadedatabas, som \u00e4r ett register \u00f6ver f\u00f6rs\u00e4krings\u00e4renden. Statistiken analyseras och bidrar till f\u00f6rebyggande \u00e5tg\u00e4rder som exempelvis utbildning, kommunikation och forskning.<\/p>\n<p>Kvinnor i 40-\u00e5rs\u00e5ldern har h\u00f6gst risk<\/p>\n<p>Om man tittar p\u00e5 all l\u00e5ngvarig sjukfr\u00e5nvaro oavsett diagnos, s\u00e5 \u00f6kar risken tydligt ju \u00e4ldre man blir. Detta \u00e5ldersm\u00f6nster g\u00e4ller dock inte f\u00f6r l\u00e5ngvariga sjukfall med just diagnosen utmattningssyndrom, i synnerhet inte f\u00f6r kvinnor.<\/p>\n<p>\u2013 Det som sticker ut i statistiken h\u00e4r \u00e4r att till skillnad fr\u00e5n andra diagnoser, d\u00e4r risken brukar \u00f6ka med stigande \u00e5lder, s\u00e5 ser det annorlunda ut n\u00e4r det g\u00e4ller utmattningssyndrom. H\u00e4r \u00e4r ist\u00e4llet risken som h\u00f6gst i 40-\u00e5rs\u00e5ldern och minskar d\u00e4refter. Och kvinnor \u00e4r som sagt var \u00f6verrepresenterade h\u00e4r, s\u00e4ger Andreas Ek.<\/p>\n<p>Yrkesgrupper med h\u00f6g risk<\/p>\n<p>\u2013 Yrkesgruppen socialt arbete, som bland annat inneh\u00e5ller socialsekreterare, kuratorer och psykologer, har h\u00f6gst risk att drabbas av l\u00e5ng sjukfr\u00e5nvaro p\u00e5 grund av utmattningssyndrom. Chefsyrken har n\u00e4st h\u00f6gst risk, s\u00e4ger Andreas Ek.<\/p>\n<p>Mer information<\/p>\n<p>L\u00e4s mer och ladda ner rapporten <strong>Utmattningssyndrom \u2013 l\u00e5ngvarig sjukfr\u00e5nvaro<\/strong> fr\u00e5n <a href=\"https:\/\/www.afaforsakring.se\/utmattningssyndrom\" rel=\"nofollow noopener\" target=\"_blank\">Afa F\u00f6rs\u00e4krings webbplats<\/a>. <\/p>\n<p>L\u00e5ngvarig sjukfr\u00e5nvaro <\/p>\n<p><strong\/>Ett l\u00e5ngt sjukfall avser en sjukskrivning som har p\u00e5g\u00e5tt i mer \u00e4n 90 dagar eller lett till sjuk- eller aktivitetsers\u00e4ttning, hos Afa F\u00f6rs\u00e4kring kallad m\u00e5nadsers\u00e4ttning. Aktivitetsers\u00e4ttning \u00e4r en tidsbegr\u00e4nsad ers\u00e4ttning som F\u00f6rs\u00e4kringskassan kan bevilja unga i \u00e5ldern 19\u201329 \u00e5r.<\/p>\n<p>Sjukf\u00f6rs\u00e4kringen <\/p>\n<p><strong\/>Avtalsgruppsjukf\u00f6rs\u00e4kring, AGS, omfattar arbetare inom avtalsomr\u00e5det Svenskt N\u00e4ringsliv\/LO och kooperationen. <\/p>\n<p>Avtalsgruppsjukf\u00f6rs\u00e4kring, AGS-KL, omfattar anst\u00e4llda i kommuner, regioner, Svenska kyrkan och Sobonaf\u00f6retag.<\/p>\n<p>Sjukf\u00f6rs\u00e4kringen omfattar d\u00e4remot inte statligt anst\u00e4llda eller tj\u00e4nstem\u00e4n inom det privata avtalsomr\u00e5det. Sjukf\u00f6rs\u00e4kringen ger ett komplement till sjukpenning eller sjuk-\/aktivitetsers\u00e4ttning fr\u00e5n F\u00f6rs\u00e4kringskassan och sjukfr\u00e5nvaron beh\u00f6ver inte vara arbetsrelaterad.<\/p>\n<p>Fakta om utmattningssyndrom<\/p>\n<p>Utmattningssyndrom inneb\u00e4r att man har flera olika kroppsliga och psykiska besv\u00e4r som beror p\u00e5 l\u00e5ngvarig stress eller h\u00f6g psykisk belastning. F\u00f6r att f\u00e5 diagnosen utmattningssyndrom ska man ha levt med h\u00f6g stress under minst ett halv\u00e5r. Stressen ska ha gett flera symtom som har p\u00e5g\u00e5tt under minst tv\u00e5 veckor. Diagnosen ing\u00e5r i diagnoskapitlet f\u00f6r psykiska sjukdomar (F00-F99) enligt klassificeringsstandarden ICD-10.<\/p>\n<p>Utmattningssyndrom (F43.8A) \u00e4r en medicinsk diagnos som tillkom f\u00f6r att underl\u00e4tta klassificeringen av patienter som s\u00f6ker v\u00e5rd f\u00f6r tr\u00f6tthet\/utmattning orsakad av l\u00e5ngvarig stressbelastning. Diagnosen accepterades av Socialstyrelsen 2005.<\/p>\n<p>V\u00e4rldsh\u00e4lsoorganisationen WHO har ett internationellt system f\u00f6r klassifikation av sjukdomar, ICD. I och med den 11:e revideringen (ICD-11) kommer diagnosen utmattningssyndrom att tas bort. Det reviderade systemet inf\u00f6rs i januari 2028. <\/p>\n<p>Det \u00e4r vanligt att man har depression ihop med utmattningssyndrom. Men det \u00e4r inte alla med utmattningssyndrom som blir deprimerade. Det \u00e4r ocks\u00e5 vanligt att man f\u00e5r \u00e5ngest.<\/p>\n<p>Utmattningssyndrom m\u00e4rks n\u00e4stan alltid b\u00e5de kroppsligt och psykiskt. Vanliga symtom \u00e4r tr\u00f6tthet, s\u00f6mnproblem, koncentrationsproblem, v\u00e4rk och magbesv\u00e4r.<\/p>\n<p>Mer om Afa F\u00f6rs\u00e4krings statistik<\/p>\n<p><a href=\"https:\/\/www.afaforsakring.se\/prenumerera-pa-statistikrapporter\" rel=\"nofollow noopener\" target=\"_blank\">Prenumerera p\u00e5 Afa F\u00f6rs\u00e4krings statistikrapporter<\/a>. <\/p>\n<p><a href=\"https:\/\/www.afaforsakring.se\/ohalsa-och-arbetsskador\/analys-och-statistik\/alla-rapporter\" rel=\"nofollow noopener\" target=\"_blank\">Se fler statistikrapporter fr\u00e5n Afa F\u00f6rs\u00e4kring<\/a>.<\/p>\n<p>Kontakt:<\/p>\n<p>Andreas Ek, analytiker och statistiker, Afa F\u00f6rs\u00e4kring: 070-815 63 40, <a href=\"https:\/\/www.mynewsdesk.com\/se\/afa-forsakring\/pressreleases\/mailto:andreas.ek@afaforsakring.se\" rel=\"nofollow noopener\" target=\"_blank\">andreas.ek@afaforsakring.se<\/a>. <\/p>\n<p>Linda Harling, presskommunikat\u00f6r, Afa F\u00f6rs\u00e4kring: 0730-96 35 12, <a href=\"https:\/\/www.mynewsdesk.com\/se\/afa-forsakring\/pressreleases\/mailto:linda.harling@afaforsakring.se\" rel=\"nofollow noopener\" target=\"_blank\">linda.harling@afaforsakring.se<\/a>.<\/p>\n<p><a href=\"https:\/\/www.afaforsakring.se\/om-oss\/pressrum\" rel=\"nofollow noopener\" target=\"_blank\">L\u00e4s och prenumerera p\u00e5 pressmeddelanden fr\u00e5n Afa F\u00f6rs\u00e4kring<\/a><\/p>\n","protected":false},"excerpt":{"rendered":"Pressmeddelande &#8211; 13 November 2025 07:30 Dela L\u00e4nk kopierad! Ladda ner En ny rapport fr\u00e5n Afa F\u00f6rs\u00e4kring visar&hellip;\n","protected":false},"author":2,"featured_media":79498,"comment_status":"","ping_status":"","sticky":false,"template":"","format":"standard","meta":{"footnotes":""},"categories":[65],"tags":[4908,5039,72,70,71,5038,34,6989,31,33,32,30],"class_list":{"0":"post-79497","1":"post","2":"type-post","3":"status-publish","4":"format-standard","5":"has-post-thumbnail","7":"category-ekonomi","8":"tag-afaforsakring-se","9":"tag-arbetsmiljo-och-halsa","10":"tag-business","11":"tag-economy","12":"tag-ekonomi","13":"tag-forebygg-arbetsskador-och-sjukfranvaro","14":"tag-se","15":"tag-statistik-och-analys","16":"tag-svenska","17":"tag-sverige","18":"tag-sweden","19":"tag-swedish"},"share_on_mastodon":{"url":"https:\/\/pubeurope.com\/@se\/115541925210707607","error":""},"_links":{"self":[{"href":"https:\/\/www.europesays.com\/se\/wp-json\/wp\/v2\/posts\/79497","targetHints":{"allow":["GET"]}}],"collection":[{"href":"https:\/\/www.europesays.com\/se\/wp-json\/wp\/v2\/posts"}],"about":[{"href":"https:\/\/www.europesays.com\/se\/wp-json\/wp\/v2\/types\/post"}],"author":[{"embeddable":true,"href":"https:\/\/www.europesays.com\/se\/wp-json\/wp\/v2\/users\/2"}],"replies":[{"embeddable":true,"href":"https:\/\/www.europesays.com\/se\/wp-json\/wp\/v2\/comments?post=79497"}],"version-history":[{"count":0,"href":"https:\/\/www.europesays.com\/se\/wp-json\/wp\/v2\/posts\/79497\/revisions"}],"wp:featuredmedia":[{"embeddable":true,"href":"https:\/\/www.europesays.com\/se\/wp-json\/wp\/v2\/media\/79498"}],"wp:attachment":[{"href":"https:\/\/www.europesays.com\/se\/wp-json\/wp\/v2\/media?parent=79497"}],"wp:term":[{"taxonomy":"category","embeddable":true,"href":"https:\/\/www.europesays.com\/se\/wp-json\/wp\/v2\/categories?post=79497"},{"taxonomy":"post_tag","embeddable":true,"href":"https:\/\/www.europesays.com\/se\/wp-json\/wp\/v2\/tags?post=79497"}],"curies":[{"name":"wp","href":"https:\/\/api.w.org\/{rel}","templated":true}]}}