{"id":79951,"date":"2025-11-13T20:41:32","date_gmt":"2025-11-13T20:41:32","guid":{"rendered":"https:\/\/www.europesays.com\/se\/79951\/"},"modified":"2025-11-13T20:41:32","modified_gmt":"2025-11-13T20:41:32","slug":"tio-ar-senare-lever-vi-fortfarande-med-terrorhotet","status":"publish","type":"post","link":"https:\/\/www.europesays.com\/se\/79951\/","title":{"rendered":"Tio \u00e5r senare lever vi fortfarande med terrorhotet"},"content":{"rendered":"<p>N\u00e4r Frankrike m\u00f6tte Tyskland p\u00e5 fotbollsstadion Stade de France h\u00f6rdes flera sm\u00e4llar. Utanf\u00f6r hade tre sj\u00e4lvmordsbombare spr\u00e4ngt sig sj\u00e4lva. En f\u00f6rbipasserande avled och ett 50-tal skadades. Tack och lov hade terroristerna inte lyckats ta sig in p\u00e5 arenan som planerat.<\/p>\n<p>Samma kv\u00e4ll var Paris uteserveringar som vanligt fulla med folk. Men stadens vibrerande uteliv ersattes av panik, n\u00e4r terrorister besk\u00f6t flera uteserveringar och m\u00f6rdade 39 personer.<\/p>\n<p>P\u00e5 nattklubben Bataclan avbr\u00f6ts en konsert n\u00e4r flera personer med automatvapen \u00f6ppnade eld mot publiken. Lokalen blev ett isolerat helvete f\u00f6r de som inte lyckades att ta sig ut. 89 personer dog, \u00f6ver 300 skadades.\u00a0<\/p>\n<p>I dag \u00e4r det tio \u00e5r sedan Frankrike skakades av landets mest omfattande terrord\u00e5d. Totalt ber\u00f6vades 130 personer livet. M\u00e5nga \u00f6verlevare lever med traumat, andra orkade inte det. Den islamistiska terrororganisationen IS tog p\u00e5 sig d\u00e5det.<\/p>\n<p>Cirka ett och ett halvt \u00e5r senare fl\u00f6g jag till Paris. Notiserna avl\u00f6ste varandra n\u00e4r flygplansl\u00e4get slogs av. Det f\u00f6rsta jag s\u00e5g var mammas sms.<\/p>\n<p>\u201dPappa \u00e4r n\u00e4ra, men oskadd.\u201d Oskadd fr\u00e5n vad\u00e5?\u00a0<\/p>\n<p><img decoding=\"async\" style=\"width: 100%; aspect-ratio: 16 \/ 9 auto;\" src=\"https:\/\/www.europesays.com\/se\/wp-content\/uploads\/2025\/11\/1e95876a-d4c7-4103-9268-79dee99522fc\" alt=\"Terroristen Rahmat Akilov m\u00f6rdade fem personer n\u00e4r han k\u00f6rde en kapad lastbild p\u00e5 Drottninggatan i Stockholm. F\u00e4rden slutade n\u00e4r han kraschade in i \u00c5hl\u00e9ns fasad.\" class=\"\" loading=\"lazy\" fetchpriority=\"auto\"\/><\/p>\n<p>Terroristen Rahmat Akilov m\u00f6rdade fem personer n\u00e4r han k\u00f6rde en kapad lastbild p\u00e5 Drottninggatan i Stockholm. F\u00e4rden slutade n\u00e4r han kraschade in i \u00c5hl\u00e9ns fasad.<\/p>\n<p>Foto: Amir Nabizadeh\/TT<\/p>\n<p>L\u00e4ngs Drottninggatan i Stockholm hade en lastbil mejat ner m\u00e4nniskor och sedan kraschat in i \u00c5hl\u00e9ns. I huset mitt emot satt pappa och v\u00e4ntade p\u00e5 evakuering. Vid det laget visste man inte om lastbilen skulle explodera. Fem personer dog den dagen. Samtidigt patrullerade tungt bev\u00e4pnade poliser i centrala Paris runt gallerior och andra platser med mycket folk.<\/p>\n<p>Efter koranbr\u00e4nningarna h\u00f6jde S\u00e4po Sveriges terrorhotniv\u00e5 till fem p\u00e5 en femgradig skala. Sedan februari ligger den p\u00e5 fyra. Det st\u00f6rsta hotet kommer fr\u00e5n ensamma akt\u00f6rer som agerar utifr\u00e5n v\u00e5ldsbejakande islamism eller v\u00e5ldsbejakande h\u00f6gerextremism (<a href=\"https:\/\/sakerhetspolisen.se\/ovriga-sidor\/nyheter\/nyheter\/2025-02-12-bedomning-av-terrorhotet-2025.html\" rel=\"noopener noreferrer nofollow\" target=\"_blank\" title=\"L\u00e4nken \u00f6ppnas i en ny flik\">S\u00e4po 12\/2<\/a>).\u00a0<\/p>\n<p>Problemet med ensamagerande g\u00e4rningsm\u00e4n \u00e4r att de kan vara mycket sv\u00e5ra att uppt\u00e4cka. B\u00e5de islamistiska Rahmat Akilov som k\u00f6rde lastbilen l\u00e4ngs Drottninggatan och h\u00f6gerextrema Theodor Engstr\u00f6m som m\u00f6rdade Ing-Marie Wieselgren i Almedalen 2022 fl\u00f6g under radarn.<\/p>\n<p><img decoding=\"async\" style=\"width: 100%; aspect-ratio: 16 \/ 9 auto;\" src=\"https:\/\/www.europesays.com\/se\/wp-content\/uploads\/2025\/11\/r19d4qxj\" alt=\"Polisens och S\u00e4pos uppdrag att stoppa terrord\u00e5d \u00e4r ofta ett otacksamt arbete, d\u00e4r framg\u00e5ngsrika insatser oftast sker i det f\u00f6rdolda.\" class=\"\" loading=\"lazy\" fetchpriority=\"auto\"\/><\/p>\n<p>Polisens och S\u00e4pos uppdrag att stoppa terrord\u00e5d \u00e4r ofta ett otacksamt arbete, d\u00e4r framg\u00e5ngsrika insatser oftast sker i det f\u00f6rdolda.<\/p>\n<p>Foto: Fredrik Sandberg<\/p>\n<p>Polisens och S\u00e4pos uppdrag att stoppa terrord\u00e5d \u00e4r ofta ett otacksamt arbete, d\u00e4r framg\u00e5ngsrika insatser sker i det f\u00f6rdolda. Men f\u00f6rra veckan <a href=\"https:\/\/www.svt.se\/nyheter\/lokalt\/stockholm\/18-aring-misstanks-ha-forberett-terrordad-i-stockholm-atalas\" rel=\"noopener noreferrer nofollow\" target=\"_blank\" title=\"L\u00e4nken \u00f6ppnas i en ny flik\">\u00e5talades en ensam g\u00e4rningsman<\/a> f\u00f6r f\u00f6rberedelse till terrorbrott. M\u00e5let var Kulturfestivalen mitt i centrala Stockholm. Han hade, precis som terroristerna i Paris 2015, svurit trohet till IS. Tack vare ett imponerande under cover-arbete lyckades polisen stoppa honom.<\/p>\n<p>V\u00e4rlden har p\u00e5 m\u00e5nga s\u00e4tt f\u00f6r\u00e4ndrats sedan skotten smattrade inne p\u00e5 Bataclan. P\u00e5 vissa s\u00e4tt inte alls. I Europa har flera attentat avv\u00e4rjts. Men terrorhotet fr\u00e5n islamistiska extremister och h\u00f6gerextremister best\u00e5r.<\/p>\n<p>Medan v\u00e5ra liv p\u00e5g\u00e5r som vanligt, stoppas de ofta av polis och s\u00e4kerhetspolis utan att vi vet om det.<\/p>\n","protected":false},"excerpt":{"rendered":"N\u00e4r Frankrike m\u00f6tte Tyskland p\u00e5 fotbollsstadion Stade de France h\u00f6rdes flera sm\u00e4llar. Utanf\u00f6r hade tre sj\u00e4lvmordsbombare spr\u00e4ngt sig&hellip;\n","protected":false},"author":2,"featured_media":79952,"comment_status":"","ping_status":"","sticky":false,"template":"","format":"standard","meta":{"footnotes":""},"categories":[5],"tags":[22,23,26,27,17,21,24,25,28,29,15,16,18,34,31,33,32,30,19,20],"class_list":{"0":"post-79951","1":"post","2":"type-post","3":"status-publish","4":"format-standard","5":"has-post-thumbnail","7":"category-rubriker","8":"tag-breaking-news","9":"tag-breakingnews","10":"tag-featured-news","11":"tag-featurednews","12":"tag-headlines","13":"tag-huvudnyheter","14":"tag-latest-news","15":"tag-latestnews","16":"tag-main-news","17":"tag-mainnews","18":"tag-news","19":"tag-nyheter","20":"tag-rubriker","21":"tag-se","22":"tag-svenska","23":"tag-sverige","24":"tag-sweden","25":"tag-swedish","26":"tag-top-stories","27":"tag-topstories"},"share_on_mastodon":{"url":"https:\/\/pubeurope.com\/@se\/115544331729927073","error":""},"_links":{"self":[{"href":"https:\/\/www.europesays.com\/se\/wp-json\/wp\/v2\/posts\/79951","targetHints":{"allow":["GET"]}}],"collection":[{"href":"https:\/\/www.europesays.com\/se\/wp-json\/wp\/v2\/posts"}],"about":[{"href":"https:\/\/www.europesays.com\/se\/wp-json\/wp\/v2\/types\/post"}],"author":[{"embeddable":true,"href":"https:\/\/www.europesays.com\/se\/wp-json\/wp\/v2\/users\/2"}],"replies":[{"embeddable":true,"href":"https:\/\/www.europesays.com\/se\/wp-json\/wp\/v2\/comments?post=79951"}],"version-history":[{"count":0,"href":"https:\/\/www.europesays.com\/se\/wp-json\/wp\/v2\/posts\/79951\/revisions"}],"wp:featuredmedia":[{"embeddable":true,"href":"https:\/\/www.europesays.com\/se\/wp-json\/wp\/v2\/media\/79952"}],"wp:attachment":[{"href":"https:\/\/www.europesays.com\/se\/wp-json\/wp\/v2\/media?parent=79951"}],"wp:term":[{"taxonomy":"category","embeddable":true,"href":"https:\/\/www.europesays.com\/se\/wp-json\/wp\/v2\/categories?post=79951"},{"taxonomy":"post_tag","embeddable":true,"href":"https:\/\/www.europesays.com\/se\/wp-json\/wp\/v2\/tags?post=79951"}],"curies":[{"name":"wp","href":"https:\/\/api.w.org\/{rel}","templated":true}]}}