{"id":80021,"date":"2025-11-13T22:09:11","date_gmt":"2025-11-13T22:09:11","guid":{"rendered":"https:\/\/www.europesays.com\/se\/80021\/"},"modified":"2025-11-13T22:09:11","modified_gmt":"2025-11-13T22:09:11","slug":"farjestad-overkort-efter-skridskokaos-shl","status":"publish","type":"post","link":"https:\/\/www.europesays.com\/se\/80021\/","title":{"rendered":"F\u00e4rjestad \u00f6verk\u00f6rt \u2013 efter skridskokaos | SHL"},"content":{"rendered":"<p>Publicerad 13 nov 2025 kl 20.05Uppdaterad kl 22.02<\/p>\n<p>F\u00f6rst: M\u00e5lvaktskaos.<\/p>\n<p>Sedan: \u00d6verk\u00f6rt av R\u00f6gle.<\/p>\n<p>Det blev en l\u00e5ng kv\u00e4ll i \u00c4ngeholm f\u00f6r F\u00e4rjestad.<\/p>\n<p><img loading=\"lazy\"   alt=\"\"\/><\/p>\n<p>Melker Thelin.<\/p>\n<p>Foto: FREDRIK KARLSSON \/ BILDBYR\u00c5N<\/p>\n<p>\u00d6ppna bild i helsk\u00e4rm<img loading=\"lazy\"   alt=\"\"\/> <\/p>\n<p>Foto: LUDVIG THUNMAN \/ BILDBYR\u00c5N<\/p>\n<p>\u00d6ppna bild i helsk\u00e4rm<img loading=\"lazy\"   alt=\"\"\/> <\/p>\n<p>Foto: NICLAS J\u00d6NSSON \/ BILDBYR\u00c5N<\/p>\n<p>\u00d6ppna bild i helsk\u00e4rm<\/p>\n<p>Det var tidigt i mittperioden som F\u00e4rjestads m\u00e5lvakt Melker Thelin tappade skridskoskenan.<\/p>\n<p>P\u00e5 sedvanligt man\u00e9r tog sig Thelin till b\u00e5set f\u00f6r att f\u00e5 hj\u00e4lp med skenan.\u00a0<\/p>\n<p>Men d\u00e5 tog det tid, vilket fick domarna att agera.\u00a0<\/p>\n<p>Domarna ville n\u00e4mligen bl\u00e5sa i g\u00e5ng matchen igen, varp\u00e5 F\u00e4rjestad tvingades till ett of\u00f6ruts\u00e4tt m\u00e5lvaktsbyte.<\/p>\n<p>M\u00e5ns Goos, 18, tog plats mellan stolparna \u2013 i ett snabbt g\u00e4stspel.<\/p>\n<p>Sl\u00e4ppte in fem raka m\u00e5l: \u201dVi har problem\u201d<\/p>\n<p>Den unge m\u00e5lvakten fick st\u00e5 i knappt fem minuter. Han byttes n\u00e4mligen ut direkt efter att han sl\u00e4ppt in Isac Solbergs kvittering f\u00f6r R\u00f6gle.<\/p>\n<p>N\u00e4r Melker Thelin \u00e5terv\u00e4nde till m\u00e5let gjorde R\u00f6gle ytterligare tv\u00e5 m\u00e5l innan den andra perioden var \u00f6ver. Slutsiffrorna skrevs till hela 5\u20131.\u00a0<\/p>\n<p>\u2013 Vi har problem, tycker jag. De hoppar p\u00e5 oss hela tiden. Vi \u00e4r f\u00f6rberedda men vi \u00e4r inte det \u00e4nd\u00e5. Det \u00e4r stort ansvar p\u00e5 mig som ledare, s\u00e4ger F\u00e4rjestads lagkapten Linus Johansson sj\u00e4lvkritiskt i TV4.<\/p>\n<p>R\u00f6gle skuggar fortsatt Fr\u00f6lunda i den absoluta toppen. Det skiljer tv\u00e5 po\u00e4ng mellan lagen. F\u00e4rjestad \u00e4r p\u00e5 sjundeplats i <a href=\"https:\/\/www.expressen.se\/tagg\/organization\/shl\/\" class=\"\" rel=\"nofollow noopener\" target=\"_blank\">SHL<\/a>.<\/p>\n","protected":false},"excerpt":{"rendered":"Publicerad 13 nov 2025 kl 20.05Uppdaterad kl 22.02 F\u00f6rst: M\u00e5lvaktskaos. Sedan: \u00d6verk\u00f6rt av R\u00f6gle. Det blev en l\u00e5ng&hellip;\n","protected":false},"author":2,"featured_media":80022,"comment_status":"","ping_status":"","sticky":false,"template":"","format":"standard","meta":{"footnotes":""},"categories":[5],"tags":[22,23,26,27,17,21,24,25,28,29,15,16,2939,1179,18,34,255,823,31,33,32,30,19,20],"class_list":{"0":"post-80021","1":"post","2":"type-post","3":"status-publish","4":"format-standard","5":"has-post-thumbnail","7":"category-rubriker","8":"tag-breaking-news","9":"tag-breakingnews","10":"tag-featured-news","11":"tag-featurednews","12":"tag-headlines","13":"tag-huvudnyheter","14":"tag-latest-news","15":"tag-latestnews","16":"tag-main-news","17":"tag-mainnews","18":"tag-news","19":"tag-nyheter","20":"tag-organization-farjestad-bk","21":"tag-organization-shl","22":"tag-rubriker","23":"tag-se","24":"tag-sections-ishockey","25":"tag-sections-shl","26":"tag-svenska","27":"tag-sverige","28":"tag-sweden","29":"tag-swedish","30":"tag-top-stories","31":"tag-topstories"},"share_on_mastodon":{"url":"https:\/\/pubeurope.com\/@se\/115544677640620544","error":""},"_links":{"self":[{"href":"https:\/\/www.europesays.com\/se\/wp-json\/wp\/v2\/posts\/80021","targetHints":{"allow":["GET"]}}],"collection":[{"href":"https:\/\/www.europesays.com\/se\/wp-json\/wp\/v2\/posts"}],"about":[{"href":"https:\/\/www.europesays.com\/se\/wp-json\/wp\/v2\/types\/post"}],"author":[{"embeddable":true,"href":"https:\/\/www.europesays.com\/se\/wp-json\/wp\/v2\/users\/2"}],"replies":[{"embeddable":true,"href":"https:\/\/www.europesays.com\/se\/wp-json\/wp\/v2\/comments?post=80021"}],"version-history":[{"count":0,"href":"https:\/\/www.europesays.com\/se\/wp-json\/wp\/v2\/posts\/80021\/revisions"}],"wp:featuredmedia":[{"embeddable":true,"href":"https:\/\/www.europesays.com\/se\/wp-json\/wp\/v2\/media\/80022"}],"wp:attachment":[{"href":"https:\/\/www.europesays.com\/se\/wp-json\/wp\/v2\/media?parent=80021"}],"wp:term":[{"taxonomy":"category","embeddable":true,"href":"https:\/\/www.europesays.com\/se\/wp-json\/wp\/v2\/categories?post=80021"},{"taxonomy":"post_tag","embeddable":true,"href":"https:\/\/www.europesays.com\/se\/wp-json\/wp\/v2\/tags?post=80021"}],"curies":[{"name":"wp","href":"https:\/\/api.w.org\/{rel}","templated":true}]}}