{"id":80094,"date":"2025-11-14T00:04:11","date_gmt":"2025-11-14T00:04:11","guid":{"rendered":"https:\/\/www.europesays.com\/se\/80094\/"},"modified":"2025-11-14T00:04:11","modified_gmt":"2025-11-14T00:04:11","slug":"larsson-oppnar-upp-om-hiljemark-situationen-gratit-manga-ganger","status":"publish","type":"post","link":"https:\/\/www.europesays.com\/se\/80094\/","title":{"rendered":"Larsson \u00f6ppnar upp om Hiljemark-situationen: &#8221;Gr\u00e5tit m\u00e5nga g\u00e5nger&#8221;"},"content":{"rendered":"<p><strong>Elfsborgs Johan Larsson\u00a0\u00f6ppnar upp om sina sista m\u00e5nader som spelare. <br \/>Han ber\u00e4ttar om k\u00e4nslan av maktl\u00f6shet, ilska och t\u00e5rar efter hur tr\u00e4naren\u00a0Oscar Hiljemark\u00a0behandlade honom.<br \/>\u2013 Jag har gr\u00e5tit m\u00e5nga g\u00e5nger \u2013 n\u00e5got jag aldrig gjort tidigare i karri\u00e4ren, s\u00e4ger han till<a href=\"https:\/\/www.offside.org\/reportage\/johan-larsson-elfsborg\/\" rel=\"nofollow noopener\" target=\"_blank\"> Offside.<\/a><\/strong><\/p>\n<p><img loading=\"lazy\" decoding=\"async\" width=\"1024\" height=\"576\" src=\"https:\/\/www.europesays.com\/se\/wp-content\/uploads\/2025\/11\/hilje-1024x576.jpg\" alt=\"\" class=\"wp-image-340521\"  \/>Foto: Bildbyr\u00e5n<\/p>\n<p>N\u00e4r\u00a0<strong>Oscar Hiljemark<\/strong>\u00a0tog \u00f6ver <a href=\"https:\/\/fotbolldirekt.se\/klubb\/if-elfsborg\/\" rel=\"nofollow noopener\" target=\"_blank\">Elfsborg<\/a> sommaren 2024 trodde<a href=\"https:\/\/fotbolldirekt.se\/spelare\/johan-larsson\/\" rel=\"nofollow noopener\" target=\"_blank\"> Johan Larsson <\/a>att den nya spelmodellen med wingbacks skulle passa honom perfekt. Ist\u00e4llet gick han fr\u00e5n ordinarie lagkapten till utanf\u00f6r laget \u2013 utan att f\u00f6rst\u00e5 varf\u00f6r.<\/p>\n<p>\u2013 En dag spred sig n\u00e4stan en panikk\u00e4nsla i kroppen, det blev sv\u00e5rt att andas n\u00e4r det stod klart att jag inte l\u00e4ngre var \u00f6nskad. En dag brast det bara f\u00f6r mig, jag b\u00f6rjade gr\u00e5ta n\u00e4r jag kom hem fr\u00e5n tr\u00e4ningen, ber\u00e4ttar han f\u00f6r\u00a0<a href=\"https:\/\/www.offside.org\/reportage\/johan-larsson-elfsborg\/\" rel=\"nofollow noopener\" target=\"_blank\">Offside.<\/a><\/p>\n<p>Larsson s\u00e4ger att k\u00e4nslan var att det inte handlade om taktik:<\/p>\n<p>\u2013 <strong>Jag k\u00e4nde att han bara inte ville spela mig. <\/strong>Jag f\u00f6rs\u00f6kte inte skapa konflikt, ville inte s\u00e4ga n\u00e5got jag skulle \u00e5ngra och ville inte p\u00e5verka laget negativt. Men det har varit m\u00e5nga n\u00e4tter d\u00e4r jag legat vaken och f\u00f6rs\u00f6kt l\u00e4gga pusslet \u2013 varf\u00f6r fick jag inte vara med och bidra? Det finns inte svaren, och det har gjort mig bedr\u00f6vad.<\/p>\n<p>Larsson menar att han velat h\u00e5lla l\u00e5g profil i media fram tills nu. Han s\u00e4ger att han inte tycker att n\u00e5gon spelare f\u00f6rtj\u00e4nar att bli behandlad p\u00e5 det s\u00e4ttet han har blivit. <\/p>\n<p>\u2013 Jag har varit arg s\u00e5 in i helvete! <strong>Jag har gr\u00e5tit m\u00e5nga g\u00e5nger \u2013 n\u00e5got jag aldrig gjort tidigare i karri\u00e4ren. <\/strong>Det finns ingen som kan s\u00e4ga att jag inte varit tillr\u00e4ckligt bra, men \u00e4nd\u00e5 blev jag irrelevant, s\u00e4ger han.<\/p>\n<p>Ett viktigt ljusglimt kom hemma mot\u00a0<a href=\"https:\/\/fotbolldirekt.se\/klubb\/ifk-goteborg\/\" rel=\"nofollow noopener\" target=\"_blank\">IFK G\u00f6teborg<\/a>, d\u00e5 Larsson bytter in och gjorde hattrick och v\u00e4nde matchen.<\/p>\n<p>\u2013 Jag skrek: \u201dS\u00e4tt mig p\u00e5 b\u00e4nken en g\u00e5ng till, s\u00e4tt mig p\u00e5 b\u00e4nken en g\u00e5ng till!\u201d n\u00e4r jag gjorde 3\u20133. N\u00e4r jag s\u00e5g min mamma och klubbchefen Andreasson i t\u00e5rar och min sons gl\u00e4dje brast det. Jag vet inte hur jag hade m\u00e5tt i dag om jag inte f\u00e5tt den matchen, s\u00e4ger han.<\/p>\n","protected":false},"excerpt":{"rendered":"Elfsborgs Johan Larsson\u00a0\u00f6ppnar upp om sina sista m\u00e5nader som spelare. Han ber\u00e4ttar om k\u00e4nslan av maktl\u00f6shet, ilska och&hellip;\n","protected":false},"author":2,"featured_media":80095,"comment_status":"","ping_status":"","sticky":false,"template":"","format":"standard","meta":{"footnotes":""},"categories":[68],"tags":[34,115,111,110,31,33,32,30],"class_list":{"0":"post-80094","1":"post","2":"type-post","3":"status-publish","4":"format-standard","5":"has-post-thumbnail","7":"category-sport","8":"tag-se","9":"tag-senaste-nytt-2","10":"tag-sport","11":"tag-sports","12":"tag-svenska","13":"tag-sverige","14":"tag-sweden","15":"tag-swedish"},"share_on_mastodon":{"url":"https:\/\/pubeurope.com\/@se\/115545129943858979","error":""},"_links":{"self":[{"href":"https:\/\/www.europesays.com\/se\/wp-json\/wp\/v2\/posts\/80094","targetHints":{"allow":["GET"]}}],"collection":[{"href":"https:\/\/www.europesays.com\/se\/wp-json\/wp\/v2\/posts"}],"about":[{"href":"https:\/\/www.europesays.com\/se\/wp-json\/wp\/v2\/types\/post"}],"author":[{"embeddable":true,"href":"https:\/\/www.europesays.com\/se\/wp-json\/wp\/v2\/users\/2"}],"replies":[{"embeddable":true,"href":"https:\/\/www.europesays.com\/se\/wp-json\/wp\/v2\/comments?post=80094"}],"version-history":[{"count":0,"href":"https:\/\/www.europesays.com\/se\/wp-json\/wp\/v2\/posts\/80094\/revisions"}],"wp:featuredmedia":[{"embeddable":true,"href":"https:\/\/www.europesays.com\/se\/wp-json\/wp\/v2\/media\/80095"}],"wp:attachment":[{"href":"https:\/\/www.europesays.com\/se\/wp-json\/wp\/v2\/media?parent=80094"}],"wp:term":[{"taxonomy":"category","embeddable":true,"href":"https:\/\/www.europesays.com\/se\/wp-json\/wp\/v2\/categories?post=80094"},{"taxonomy":"post_tag","embeddable":true,"href":"https:\/\/www.europesays.com\/se\/wp-json\/wp\/v2\/tags?post=80094"}],"curies":[{"name":"wp","href":"https:\/\/api.w.org\/{rel}","templated":true}]}}