{"id":80105,"date":"2025-11-14T00:48:19","date_gmt":"2025-11-14T00:48:19","guid":{"rendered":"https:\/\/www.europesays.com\/se\/80105\/"},"modified":"2025-11-14T00:48:19","modified_gmt":"2025-11-14T00:48:19","slug":"putins-hemliga-rum-sa-lurar-kreml-omvarlden-2","status":"publish","type":"post","link":"https:\/\/www.europesays.com\/se\/80105\/","title":{"rendered":"Putins hemliga rum \u2013 s\u00e5 lurar Kreml omv\u00e4rlden"},"content":{"rendered":"<p>Vid f\u00f6rsta anblick ser rummen exakt likadana ut. Ett skrivbord i massivt tr\u00e4, kr\u00e4mvita v\u00e4ggar, ryska flaggor bakom president Vladimir Putins rygg. F\u00f6rst n\u00e4r bilderna detaljstuderas blir det uppenbart att det egentligen r\u00f6r sig om tre helt olika platser, rapporterar USA-finansierade Radio Free Europe\/Radio Liberty (RFE\/RL).<\/p>\n<p>Nyhetssajtens granskande enhet Sistema har kartlagt bilder och videoklipp fr\u00e5n Putins m\u00f6ten och intervjuer som Kreml s\u00e4nt ut genom \u00e5ren. Placeringen av ett d\u00f6rrhandtag, en arkivmapp samt en v\u00e4ggdekor avsl\u00f6jar att presidenten har minst tre identiska kontor p\u00e5 olika h\u00e5ll i Ryssland.<\/p>\n<p>Skyddas av luftv\u00e4rn<\/p>\n<p>Enligt granskningen har Kreml medvetet vilselett allm\u00e4nheten kring Putins vistelseort \u201dhundratals\u201d g\u00e5nger. Exempelvis p\u00e5stod rysk statlig tv 2020 att Putin befann sig i Moskvaresidenset Novo-Ogarevo, n\u00e4r han <a id=\"A2Aqf9ljh8wNfg2P\" href=\"https:\/\/www.svoboda.org\/a\/systema-kabinety-putina\/33586961.html\" rel=\"nofollow noopener\" target=\"_blank\">enligt RFE\/RL<\/a> i sj\u00e4lva verket befann sig i ett n\u00e4stintill identiskt kontor i sitt residens i Sotji vid Svarta havet.<\/p>\n<p>Ytterligare ett identiskt kontor finns i Valdaj, ett skogigt omr\u00e5de halvv\u00e4gs mellan Moskva och S:t Petersburg d\u00e4r Putin uppges ha tillbringat mycket tid sedan den fullskaliga invasionen av Ukraina 2022. Enligt kartl\u00e4ggningen har n\u00e4stan alla Putins p\u00e5st\u00e5dda m\u00f6ten i Novo-Ogarevo i \u00e5r egentligen tagit plats i Valdaj, framf\u00f6r allt av s\u00e4kerhetssk\u00e4l.<\/p>\n<p>Det pampiga bygget i Valdaj ligger p\u00e5 ett avskilt och v\u00e4lbevakat omr\u00e5de, omgivet av ett mindre samh\u00e4lle som v\u00e4xt fram f\u00f6r presidentens n\u00e4rmaste. Enligt RFE\/RL har minst tolv luftv\u00e4rnssystem satts upp kring komplexet f\u00f6r att skydda presidenten och hans familj.<\/p>\n<p>F\u00f6rhindra mordf\u00f6rs\u00f6k<\/p>\n<p>Redan i f\u00f6rfjol uppgav den tidigare ryska officeren Gleb Karakulov, som i \u00f6ver tio \u00e5rs tid jobbade n\u00e4ra Putin innan han flydde Ryssland, att presidenten hade flera identiska kontor.<\/p>\n<p>\u2013 Det fanns g\u00e5nger n\u00e4r jag visste att han (Putin) var i Sotji. Tv:n st\u00e5r p\u00e5 i bakgrunden; nyheterna \u00e4r p\u00e5, och de visar honom i ett m\u00f6te i Novo-Ogarevo. S\u00e5 jag fr\u00e5gar en kollega i Sotji: \u201dHar han \u00e5kt redan?\u201d \u201dNej\u201d, svarar han, \u201dhan \u00e4r fortfarande h\u00e4r&#8221;, sade Karakulov <a id=\"ggrfcp7Pa9q41Of0\" href=\"https:\/\/dossier.center\/fso-en\/\" rel=\"nofollow noopener\" target=\"_blank\">till Dossier Center<\/a>, en gr\u00e4vredaktion grundad av den ryske regimkritikern och tidigare oljemagnaten Michail Chodorkovskij, i april 2023.<\/p>\n<p>Enligt Karakulov \u00e4r syftet med de identiska kontoren att f\u00f6rvirra utl\u00e4ndska underr\u00e4ttelsetj\u00e4nster, men ocks\u00e5 att f\u00f6rhindra mordf\u00f6rs\u00f6k p\u00e5 Putin.<\/p>\n<p><img alt=\"Det h\u00e4r kontoret uppges ligga i Putins residens Novo-Ogarevo, men enligt en granskning finns minst tv\u00e5 identiska rum p\u00e5 andra orter i Ryssland. Bild tagen tidigare i \u00e5r.\" loading=\"lazy\" width=\"1920\" height=\"1200\" decoding=\"async\" data-nimg=\"1\" style=\"color:transparent;max-width:100%;width:100%\"   src=\"https:\/\/www.europesays.com\/se\/wp-content\/uploads\/2025\/11\/1ZV1ocf1jES0rV0H11z2Jg07rhbI-REGULAR.jpg\"\/>Det h\u00e4r kontoret uppges ligga i Putins residens Novo-Ogarevo, men enligt en granskning finns minst tv\u00e5 identiska rum p\u00e5 andra orter i Ryssland. Bild tagen tidigare i \u00e5r. Bild: Mikhail Metzel\/Sputnik\/Kreml pool via AP\/TT <\/p>\n","protected":false},"excerpt":{"rendered":"Vid f\u00f6rsta anblick ser rummen exakt likadana ut. Ett skrivbord i massivt tr\u00e4, kr\u00e4mvita v\u00e4ggar, ryska flaggor bakom&hellip;\n","protected":false},"author":2,"featured_media":80106,"comment_status":"","ping_status":"","sticky":false,"template":"","format":"standard","meta":{"footnotes":""},"categories":[14],"tags":[22,23,26,27,17,21,24,25,28,29,15,16,18,34,31,33,32,30,19,20,51,52,53,54],"class_list":{"0":"post-80105","1":"post","2":"type-post","3":"status-publish","4":"format-standard","5":"has-post-thumbnail","7":"category-varlden","8":"tag-breaking-news","9":"tag-breakingnews","10":"tag-featured-news","11":"tag-featurednews","12":"tag-headlines","13":"tag-huvudnyheter","14":"tag-latest-news","15":"tag-latestnews","16":"tag-main-news","17":"tag-mainnews","18":"tag-news","19":"tag-nyheter","20":"tag-rubriker","21":"tag-se","22":"tag-svenska","23":"tag-sverige","24":"tag-sweden","25":"tag-swedish","26":"tag-top-stories","27":"tag-topstories","28":"tag-varlden","29":"tag-world","30":"tag-world-news","31":"tag-worldnews"},"share_on_mastodon":{"url":"https:\/\/pubeurope.com\/@se\/115545303004929701","error":""},"_links":{"self":[{"href":"https:\/\/www.europesays.com\/se\/wp-json\/wp\/v2\/posts\/80105","targetHints":{"allow":["GET"]}}],"collection":[{"href":"https:\/\/www.europesays.com\/se\/wp-json\/wp\/v2\/posts"}],"about":[{"href":"https:\/\/www.europesays.com\/se\/wp-json\/wp\/v2\/types\/post"}],"author":[{"embeddable":true,"href":"https:\/\/www.europesays.com\/se\/wp-json\/wp\/v2\/users\/2"}],"replies":[{"embeddable":true,"href":"https:\/\/www.europesays.com\/se\/wp-json\/wp\/v2\/comments?post=80105"}],"version-history":[{"count":0,"href":"https:\/\/www.europesays.com\/se\/wp-json\/wp\/v2\/posts\/80105\/revisions"}],"wp:featuredmedia":[{"embeddable":true,"href":"https:\/\/www.europesays.com\/se\/wp-json\/wp\/v2\/media\/80106"}],"wp:attachment":[{"href":"https:\/\/www.europesays.com\/se\/wp-json\/wp\/v2\/media?parent=80105"}],"wp:term":[{"taxonomy":"category","embeddable":true,"href":"https:\/\/www.europesays.com\/se\/wp-json\/wp\/v2\/categories?post=80105"},{"taxonomy":"post_tag","embeddable":true,"href":"https:\/\/www.europesays.com\/se\/wp-json\/wp\/v2\/tags?post=80105"}],"curies":[{"name":"wp","href":"https:\/\/api.w.org\/{rel}","templated":true}]}}