{"id":80111,"date":"2025-11-14T00:58:12","date_gmt":"2025-11-14T00:58:12","guid":{"rendered":"https:\/\/www.europesays.com\/se\/80111\/"},"modified":"2025-11-14T00:58:12","modified_gmt":"2025-11-14T00:58:12","slug":"jonssons-kritik-mot-stjarnorna-varfor-killarna-inte-ar-redo-att-spela-har-jag-inget-svar-pa-vf","status":"publish","type":"post","link":"https:\/\/www.europesays.com\/se\/80111\/","title":{"rendered":"J\u00f6nssons kritik mot stj\u00e4rnorna: \u201dVarf\u00f6r killarna inte \u00e4r redo att spela har jag inget svar p\u00e5\u201d &#8211; VF"},"content":{"rendered":"<ol>\n<li><a href=\"https:\/\/news.google.com\/rss\/articles\/CBMixgFBVV95cUxNYnlwVUFEaW9Oemp3NmQ0OTdmeXZKNXdweDdRMm55dEJBNVlFRlZwbERXaUNzb0xNWEI0RTRVZ0tDWmpaZ29qRjJtdFdlMmFDWDFYcFYySVNrZVNBQ1oxWkkxdml0d2hvX28xYU1TZFgzMldrX21pMm1jSm9aVy1tY05UWWxxTmtQRVhzdHFwTUlTbTZLVWtRVmVzbjgxTklHZFZRQWY4OHlhZV9ZcmN1RV9SWEhZQVg3S3JMWHFTaXQ1clpUSFE?oc=5\" target=\"_blank\" rel=\"nofollow noopener\">J\u00f6nssons kritik mot stj\u00e4rnorna: \u201dVarf\u00f6r killarna inte \u00e4r redo att spela har jag inget svar p\u00e5\u201d<\/a>&nbsp;&nbsp;VF<\/li>\n<li><a href=\"https:\/\/news.google.com\/rss\/articles\/CBMiqwFBVV95cUxOaDlObzNVbG83emVXd25pS1Nmd3Q1NFNUR09wWG9uSXZUQXFlWVJfeDRNdXBncVY2N2RLNDE5NUpSOGVtSWZ1NUhjdnNnVHNiOHAxMnJMMkVsWUVJTERMZS13QXpDWGlLUzBvcExfTi02NFE1OU9Nc0I3aVlrZEVqLUlSZXNZdWdFNmtLSzNzdU8tbnQ2Z3dsZmFodklxY0tmb1lNZXlldjYxaDQ?oc=5\" target=\"_blank\" rel=\"nofollow noopener\">Tung debut \u2013 varade i 294 sekunder<\/a>&nbsp;&nbsp;Aftonbladet<\/li>\n<li><a href=\"https:\/\/news.google.com\/rss\/articles\/CBMibEFVX3lxTE1sbDFNVGh4UDExdlI0RlUzLVB4cUtmckRaT3BLVGNwU3hIZmhpRG1Qb2l0VWlaZ3NIZTFNV3loeXBmQkxEUWpCSzlaOXVzVWpvVWR1cmJUeFB2dmFFdlBWTHpwVnU5Z2hJeUw4dA?oc=5\" target=\"_blank\" rel=\"nofollow noopener\">Ishockey: M\u00e5lvaktskaos f\u00f6r F\u00e4rjestad n\u00e4r man blev \u00f6verk\u00f6rda av R\u00f6gle<\/a>&nbsp;&nbsp;SVT Nyheter<\/li>\n<li><a href=\"https:\/\/news.google.com\/rss\/articles\/CBMidEFVX3lxTE1uSlZpS01hUlo4aXlyZVBzVjFibnUweVllNHptSDR2REd0VGdBX01TNjhzTE5qT3VycjhmRzBqbTNLVnRYRmdvX09KZmotbjR1eHVzMHMybXVzVi02LUg5U1hEQnBjNHloRExvdGpCejJIVjVD?oc=5\" target=\"_blank\" rel=\"nofollow noopener\">S\u00e4tt betyg p\u00e5 spelarna efter R\u00f6gles kross<\/a>&nbsp;&nbsp;HD \u2013 Nyheter Dygnet Runt<\/li>\n<li><a href=\"https:\/\/news.google.com\/rss\/articles\/CBMiugFBVV95cUxPMUtHMWxiY3VUbUV3UzRQS3dsS2ZpSVVXTGVOaTBkVEY3LWowekdQUS1La3QzVF9jcVZPZmlZT3hyeUxHWm9qWW92ZFh1aDdfZWdqdHVpMnB3SEQ3Q0I0RWtIYU95QVVwOFUxNkc0ZVU4UFBpNGJmS1AtS0pLcW9QNWlJMmNXUDRQQm96OTNvdklSQUJwQXZ6MTFQcHhZUGpCM1hyZGdLa09ocXdyTDNyaEtzMEs5ZGhLQkE?oc=5\" target=\"_blank\" rel=\"nofollow noopener\">FBK blev \u00f6verk\u00f6rt: \u201dEn kollektiv genomklappning \u2013 s\u00e4songens s\u00e4msta insats av F\u00e4rjestad\u201d<\/a>&nbsp;&nbsp;VF<\/li>\n<\/ol>\n","protected":false},"excerpt":{"rendered":"J\u00f6nssons kritik mot stj\u00e4rnorna: \u201dVarf\u00f6r killarna inte \u00e4r redo att spela har jag inget svar p\u00e5\u201d&nbsp;&nbsp;VF Tung debut&hellip;\n","protected":false},"author":2,"featured_media":80112,"comment_status":"","ping_status":"","sticky":false,"template":"","format":"standard","meta":{"footnotes":""},"categories":[5],"tags":[22,23,26,27,17,21,24,25,28,29,15,16,18,34,31,33,32,30,19,20],"class_list":{"0":"post-80111","1":"post","2":"type-post","3":"status-publish","4":"format-standard","5":"has-post-thumbnail","7":"category-rubriker","8":"tag-breaking-news","9":"tag-breakingnews","10":"tag-featured-news","11":"tag-featurednews","12":"tag-headlines","13":"tag-huvudnyheter","14":"tag-latest-news","15":"tag-latestnews","16":"tag-main-news","17":"tag-mainnews","18":"tag-news","19":"tag-nyheter","20":"tag-rubriker","21":"tag-se","22":"tag-svenska","23":"tag-sverige","24":"tag-sweden","25":"tag-swedish","26":"tag-top-stories","27":"tag-topstories"},"share_on_mastodon":{"url":"https:\/\/pubeurope.com\/@se\/115545342159477617","error":""},"_links":{"self":[{"href":"https:\/\/www.europesays.com\/se\/wp-json\/wp\/v2\/posts\/80111","targetHints":{"allow":["GET"]}}],"collection":[{"href":"https:\/\/www.europesays.com\/se\/wp-json\/wp\/v2\/posts"}],"about":[{"href":"https:\/\/www.europesays.com\/se\/wp-json\/wp\/v2\/types\/post"}],"author":[{"embeddable":true,"href":"https:\/\/www.europesays.com\/se\/wp-json\/wp\/v2\/users\/2"}],"replies":[{"embeddable":true,"href":"https:\/\/www.europesays.com\/se\/wp-json\/wp\/v2\/comments?post=80111"}],"version-history":[{"count":0,"href":"https:\/\/www.europesays.com\/se\/wp-json\/wp\/v2\/posts\/80111\/revisions"}],"wp:featuredmedia":[{"embeddable":true,"href":"https:\/\/www.europesays.com\/se\/wp-json\/wp\/v2\/media\/80112"}],"wp:attachment":[{"href":"https:\/\/www.europesays.com\/se\/wp-json\/wp\/v2\/media?parent=80111"}],"wp:term":[{"taxonomy":"category","embeddable":true,"href":"https:\/\/www.europesays.com\/se\/wp-json\/wp\/v2\/categories?post=80111"},{"taxonomy":"post_tag","embeddable":true,"href":"https:\/\/www.europesays.com\/se\/wp-json\/wp\/v2\/tags?post=80111"}],"curies":[{"name":"wp","href":"https:\/\/api.w.org\/{rel}","templated":true}]}}