{"id":80115,"date":"2025-11-14T01:06:07","date_gmt":"2025-11-14T01:06:07","guid":{"rendered":"https:\/\/www.europesays.com\/se\/80115\/"},"modified":"2025-11-14T01:06:07","modified_gmt":"2025-11-14T01:06:07","slug":"usas-militar-inleder-operation-i-latinamerika","status":"publish","type":"post","link":"https:\/\/www.europesays.com\/se\/80115\/","title":{"rendered":"USA:s milit\u00e4r inleder operation i Latinamerika"},"content":{"rendered":"<p>USA inleder en ny milit\u00e4roperation, \u201dOperation southern spear\u201d, meddelar f\u00f6rsvarsminister Pete Hegseth p\u00e5 X. Han ger inga detaljer om vad den g\u00e5r ut p\u00e5, men skriver:<\/p>\n<p>\u201dV\u00e5rt uppdrag \u00e4r att skydda v\u00e5rt hemland, f\u00e5 bort narkoterrorister fr\u00e5n v\u00e5rt halvklot och s\u00e4kra v\u00e5rt hemland fr\u00e5n de droger som d\u00f6dar v\u00e5rt folk.\u201d<\/p>\n<p>Operationen leds av Joint Task Force Southern Spear och Southcom, stridsledningskommandot med ansvar f\u00f6r milit\u00e4ra operationer i Latinamerika.<\/p>\n<p>Omni \u00e4r politiskt obundna och oberoende. Vi str\u00e4var efter att ge fler perspektiv p\u00e5 nyheterna. Har du fr\u00e5gor eller synpunkter kring v\u00e5r rapportering? <a href=\"https:\/\/omni.se\/usa-inleder-militaroperation\/a\/mailto:redaktion@omni.se\" class=\"ArticleActions_contactLink__W2F1M\" rel=\"nofollow noopener\" target=\"_blank\">Kontakta redaktionen<\/a><\/p>\n","protected":false},"excerpt":{"rendered":"USA inleder en ny milit\u00e4roperation, \u201dOperation southern spear\u201d, meddelar f\u00f6rsvarsminister Pete Hegseth p\u00e5 X. Han ger inga detaljer&hellip;\n","protected":false},"author":2,"featured_media":80116,"comment_status":"","ping_status":"","sticky":false,"template":"","format":"standard","meta":{"footnotes":""},"categories":[5],"tags":[387,22,23,26,27,17,21,24,25,708,28,29,15,268,16,1583,18,34,31,33,32,30,19,20,386,74],"class_list":{"0":"post-80115","1":"post","2":"type-post","3":"status-publish","4":"format-standard","5":"has-post-thumbnail","7":"category-rubriker","8":"tag-amerikansk-politik","9":"tag-breaking-news","10":"tag-breakingnews","11":"tag-featured-news","12":"tag-featurednews","13":"tag-headlines","14":"tag-huvudnyheter","15":"tag-latest-news","16":"tag-latestnews","17":"tag-latinamerika","18":"tag-main-news","19":"tag-mainnews","20":"tag-news","21":"tag-nordamerika","22":"tag-nyheter","23":"tag-pete-hegseth","24":"tag-rubriker","25":"tag-se","26":"tag-svenska","27":"tag-sverige","28":"tag-sweden","29":"tag-swedish","30":"tag-top-stories","31":"tag-topstories","32":"tag-trumps-usa","33":"tag-usa"},"share_on_mastodon":{"url":"https:\/\/pubeurope.com\/@se\/115545373650892864","error":""},"_links":{"self":[{"href":"https:\/\/www.europesays.com\/se\/wp-json\/wp\/v2\/posts\/80115","targetHints":{"allow":["GET"]}}],"collection":[{"href":"https:\/\/www.europesays.com\/se\/wp-json\/wp\/v2\/posts"}],"about":[{"href":"https:\/\/www.europesays.com\/se\/wp-json\/wp\/v2\/types\/post"}],"author":[{"embeddable":true,"href":"https:\/\/www.europesays.com\/se\/wp-json\/wp\/v2\/users\/2"}],"replies":[{"embeddable":true,"href":"https:\/\/www.europesays.com\/se\/wp-json\/wp\/v2\/comments?post=80115"}],"version-history":[{"count":0,"href":"https:\/\/www.europesays.com\/se\/wp-json\/wp\/v2\/posts\/80115\/revisions"}],"wp:featuredmedia":[{"embeddable":true,"href":"https:\/\/www.europesays.com\/se\/wp-json\/wp\/v2\/media\/80116"}],"wp:attachment":[{"href":"https:\/\/www.europesays.com\/se\/wp-json\/wp\/v2\/media?parent=80115"}],"wp:term":[{"taxonomy":"category","embeddable":true,"href":"https:\/\/www.europesays.com\/se\/wp-json\/wp\/v2\/categories?post=80115"},{"taxonomy":"post_tag","embeddable":true,"href":"https:\/\/www.europesays.com\/se\/wp-json\/wp\/v2\/tags?post=80115"}],"curies":[{"name":"wp","href":"https:\/\/api.w.org\/{rel}","templated":true}]}}