{"id":80119,"date":"2025-11-14T01:14:16","date_gmt":"2025-11-14T01:14:16","guid":{"rendered":"https:\/\/www.europesays.com\/se\/80119\/"},"modified":"2025-11-14T01:14:16","modified_gmt":"2025-11-14T01:14:16","slug":"ukraina-star-infor-bekant-dilemma-i-pokrovsk","status":"publish","type":"post","link":"https:\/\/www.europesays.com\/se\/80119\/","title":{"rendered":"Ukraina st\u00e5r inf\u00f6r bekant dilemma i Pokrovsk"},"content":{"rendered":"<p>Ukrainas arm\u00e9 st\u00e5r inf\u00f6r ett v\u00e4gsk\u00e4l i Pokrovsk: dra sig tillbaka och r\u00e4dda soldatliv eller stanna kvar och f\u00f6rdr\u00f6ja en symboliskt viktig rysk seger, med risk f\u00f6r stora egna f\u00f6rluster, skriver New York Times.<\/p>\n<p>Dilemmat k\u00e4nns igen fr\u00e5n Bachmut och Avdijivka, som i slut\u00e4ndan f\u00f6ll i ryska h\u00e4nder. Flera ukrainska bef\u00e4lhavare och milit\u00e4ra analytiker oroar sig nu f\u00f6r att arm\u00e9n upprepar tidigare misstag.<\/p>\n<p>\u2013 Ukraina har tidigare h\u00e5llit vissa positioner och st\u00e4der f\u00f6r l\u00e4nge efter att f\u00f6rh\u00e5llandena blivit ogynnsamma, s\u00e4ger Rob Lee vid tankesmedjan Foreign Policy Research Institute.<\/p>\n<p>Ukrainas argument f\u00f6r att h\u00e5lla st\u00e4der s\u00e5 l\u00e4nge det g\u00e5r \u00e4r att den ryska arm\u00e9n tvingas offra m\u00e5nga soldater och f\u00f6rsvagas inf\u00f6r kommande strider. Man vill ocks\u00e5 h\u00e5lla stridsmoralen uppe och inte ge Kreml chans att f\u00f6rs\u00f6ka intala Donald Trump att st\u00f6d till Ukraina \u00e4r st\u00f6d till f\u00f6rlorare. <\/p>\n<p>Omni \u00e4r politiskt obundna och oberoende. Vi str\u00e4var efter att ge fler perspektiv p\u00e5 nyheterna. Har du fr\u00e5gor eller synpunkter kring v\u00e5r rapportering? <a href=\"https:\/\/omni.se\/ukraina-star-infor-bekant-dilemma-i-pokrovsk\/a\/mailto:redaktion@omni.se\" class=\"ArticleActions_contactLink__W2F1M\" rel=\"nofollow noopener\" target=\"_blank\">Kontakta redaktionen<\/a><\/p>\n","protected":false},"excerpt":{"rendered":"Ukrainas arm\u00e9 st\u00e5r inf\u00f6r ett v\u00e4gsk\u00e4l i Pokrovsk: dra sig tillbaka och r\u00e4dda soldatliv eller stanna kvar och&hellip;\n","protected":false},"author":2,"featured_media":80120,"comment_status":"","ping_status":"","sticky":false,"template":"","format":"standard","meta":{"footnotes":""},"categories":[5],"tags":[22,23,267,26,27,17,21,24,25,28,29,15,16,18,269,264,34,31,33,32,30,19,20,263],"class_list":{"0":"post-80119","1":"post","2":"type-post","3":"status-publish","4":"format-standard","5":"has-post-thumbnail","7":"category-rubriker","8":"tag-breaking-news","9":"tag-breakingnews","10":"tag-europa","11":"tag-featured-news","12":"tag-featurednews","13":"tag-headlines","14":"tag-huvudnyheter","15":"tag-latest-news","16":"tag-latestnews","17":"tag-main-news","18":"tag-mainnews","19":"tag-news","20":"tag-nyheter","21":"tag-rubriker","22":"tag-ryska-invasionen","23":"tag-ryssland","24":"tag-se","25":"tag-svenska","26":"tag-sverige","27":"tag-sweden","28":"tag-swedish","29":"tag-top-stories","30":"tag-topstories","31":"tag-ukraina"},"share_on_mastodon":{"url":"https:\/\/pubeurope.com\/@se\/115545405060207639","error":""},"_links":{"self":[{"href":"https:\/\/www.europesays.com\/se\/wp-json\/wp\/v2\/posts\/80119","targetHints":{"allow":["GET"]}}],"collection":[{"href":"https:\/\/www.europesays.com\/se\/wp-json\/wp\/v2\/posts"}],"about":[{"href":"https:\/\/www.europesays.com\/se\/wp-json\/wp\/v2\/types\/post"}],"author":[{"embeddable":true,"href":"https:\/\/www.europesays.com\/se\/wp-json\/wp\/v2\/users\/2"}],"replies":[{"embeddable":true,"href":"https:\/\/www.europesays.com\/se\/wp-json\/wp\/v2\/comments?post=80119"}],"version-history":[{"count":0,"href":"https:\/\/www.europesays.com\/se\/wp-json\/wp\/v2\/posts\/80119\/revisions"}],"wp:featuredmedia":[{"embeddable":true,"href":"https:\/\/www.europesays.com\/se\/wp-json\/wp\/v2\/media\/80120"}],"wp:attachment":[{"href":"https:\/\/www.europesays.com\/se\/wp-json\/wp\/v2\/media?parent=80119"}],"wp:term":[{"taxonomy":"category","embeddable":true,"href":"https:\/\/www.europesays.com\/se\/wp-json\/wp\/v2\/categories?post=80119"},{"taxonomy":"post_tag","embeddable":true,"href":"https:\/\/www.europesays.com\/se\/wp-json\/wp\/v2\/tags?post=80119"}],"curies":[{"name":"wp","href":"https:\/\/api.w.org\/{rel}","templated":true}]}}