{"id":80131,"date":"2025-11-14T01:36:12","date_gmt":"2025-11-14T01:36:12","guid":{"rendered":"https:\/\/www.europesays.com\/se\/80131\/"},"modified":"2025-11-14T01:36:12","modified_gmt":"2025-11-14T01:36:12","slug":"pressen-vaxer-pa-belgien-om-frysta-ryska-pengar","status":"publish","type":"post","link":"https:\/\/www.europesays.com\/se\/80131\/","title":{"rendered":"Pressen v\u00e4xer p\u00e5 Belgien om frysta ryska pengar"},"content":{"rendered":"<p>Belgien st\u00e5r under allt h\u00e5rdare press att g\u00e5 med p\u00e5 ett EU-l\u00e5n p\u00e5 140 miljarder euro till Ukraina med frysta ryska tillg\u00e5ngar som s\u00e4kerhet, rapporterar Euronews. Landets samtal med EU-kommissionen har k\u00f6rt fast.<\/p>\n<p>L\u00e5net, som skulle finansiera Ukrainas behov i tv\u00e5 \u00e5rs tid, har brett st\u00f6d inom EU \u2013 men Belgien st\u00e5r emot. Lejonparten av de ryska tillg\u00e5ngarna finns hos v\u00e4rdepappersbolaget Euroclear i Bryssel, och landet vill inte bli ensamt m\u00e5l f\u00f6r Kremls h\u00e4mnd\u00e5tg\u00e4rder.<\/p>\n<p>\u2013 Det finns alltid risker, men den h\u00e4r risken \u00e4r extremt stor [&#8230;] Vi vill dela b\u00f6rdan, s\u00e4ger en k\u00e4lla n\u00e4ra den belgiska regeringen.<\/p>\n<p>Omni \u00e4r politiskt obundna och oberoende. Vi str\u00e4var efter att ge fler perspektiv p\u00e5 nyheterna. Har du fr\u00e5gor eller synpunkter kring v\u00e5r rapportering? <a href=\"https:\/\/omni.se\/pressen-vaxer-pa-belgien-om-frysta-ryska-pengar\/a\/mailto:redaktion@omni.se\" class=\"ArticleActions_contactLink__W2F1M\" rel=\"nofollow noopener\" target=\"_blank\">Kontakta redaktionen<\/a><\/p>\n","protected":false},"excerpt":{"rendered":"Belgien st\u00e5r under allt h\u00e5rdare press att g\u00e5 med p\u00e5 ett EU-l\u00e5n p\u00e5 140 miljarder euro till Ukraina&hellip;\n","protected":false},"author":2,"featured_media":80132,"comment_status":"","ping_status":"","sticky":false,"template":"","format":"standard","meta":{"footnotes":""},"categories":[14],"tags":[3827,22,23,73,267,26,27,17,21,24,25,28,29,15,16,18,269,264,34,31,33,32,30,19,20,263,51,52,53,54],"class_list":{"0":"post-80131","1":"post","2":"type-post","3":"status-publish","4":"format-standard","5":"has-post-thumbnail","7":"category-varlden","8":"tag-belgien","9":"tag-breaking-news","10":"tag-breakingnews","11":"tag-eu","12":"tag-europa","13":"tag-featured-news","14":"tag-featurednews","15":"tag-headlines","16":"tag-huvudnyheter","17":"tag-latest-news","18":"tag-latestnews","19":"tag-main-news","20":"tag-mainnews","21":"tag-news","22":"tag-nyheter","23":"tag-rubriker","24":"tag-ryska-invasionen","25":"tag-ryssland","26":"tag-se","27":"tag-svenska","28":"tag-sverige","29":"tag-sweden","30":"tag-swedish","31":"tag-top-stories","32":"tag-topstories","33":"tag-ukraina","34":"tag-varlden","35":"tag-world","36":"tag-world-news","37":"tag-worldnews"},"share_on_mastodon":{"url":"https:\/\/pubeurope.com\/@se\/115545491579091323","error":""},"_links":{"self":[{"href":"https:\/\/www.europesays.com\/se\/wp-json\/wp\/v2\/posts\/80131","targetHints":{"allow":["GET"]}}],"collection":[{"href":"https:\/\/www.europesays.com\/se\/wp-json\/wp\/v2\/posts"}],"about":[{"href":"https:\/\/www.europesays.com\/se\/wp-json\/wp\/v2\/types\/post"}],"author":[{"embeddable":true,"href":"https:\/\/www.europesays.com\/se\/wp-json\/wp\/v2\/users\/2"}],"replies":[{"embeddable":true,"href":"https:\/\/www.europesays.com\/se\/wp-json\/wp\/v2\/comments?post=80131"}],"version-history":[{"count":0,"href":"https:\/\/www.europesays.com\/se\/wp-json\/wp\/v2\/posts\/80131\/revisions"}],"wp:featuredmedia":[{"embeddable":true,"href":"https:\/\/www.europesays.com\/se\/wp-json\/wp\/v2\/media\/80132"}],"wp:attachment":[{"href":"https:\/\/www.europesays.com\/se\/wp-json\/wp\/v2\/media?parent=80131"}],"wp:term":[{"taxonomy":"category","embeddable":true,"href":"https:\/\/www.europesays.com\/se\/wp-json\/wp\/v2\/categories?post=80131"},{"taxonomy":"post_tag","embeddable":true,"href":"https:\/\/www.europesays.com\/se\/wp-json\/wp\/v2\/tags?post=80131"}],"curies":[{"name":"wp","href":"https:\/\/api.w.org\/{rel}","templated":true}]}}