{"id":80140,"date":"2025-11-14T02:11:09","date_gmt":"2025-11-14T02:11:09","guid":{"rendered":"https:\/\/www.europesays.com\/se\/80140\/"},"modified":"2025-11-14T02:11:09","modified_gmt":"2025-11-14T02:11:09","slug":"kvinna-dod-misstankt-smitning-i-toreboda","status":"publish","type":"post","link":"https:\/\/www.europesays.com\/se\/80140\/","title":{"rendered":"Kvinna d\u00f6d \u2013 misst\u00e4nkt smitning i T\u00f6reboda"},"content":{"rendered":"<p>Offret, en kvinna i 50-\u00e5rs\u00e5ldern, hittades av f\u00f6rbipasserande i ett dike vid en l\u00e4nsv\u00e4g runt tio-tiden p\u00e5 torsdagen. <\/p>\n<p>\u2013 Det \u00e4r ganska mycket som tyder p\u00e5 att hon har blivit p\u00e5k\u00f6rd av en bil, s\u00e4ger Morten Gunneng, vakthavande bef\u00e4l p\u00e5 polisregion V\u00e4st. <\/p>\n<p>En cykel som f\u00f6rmodligen var kvinnans l\u00e5g i n\u00e4rheten av brottsplatsen. <\/p>\n<p>Ingen \u00e4r gripen vid klockan 02.30 natten mot fredag men polisen arbetar aktivt med att hitta f\u00f6raren, de ska ha en uppfattning om vilket fordon det handlar om.<\/p>\n<p>\u2013 Utan att g\u00e5 in p\u00e5 detaljer s\u00e5 har man ju vidtagit en del utrednings\u00e5tg\u00e4rder som har gjort att vi vet ungef\u00e4r vad vi ska leta efter, s\u00e4ger Gunneng.<\/p>\n<p>Det ska inte finnas vittnen till h\u00e4ndelsen.<\/p>\n<p>En f\u00f6runders\u00f6kning om v\u00e5llande till annans d\u00f6d samt smitning fr\u00e5n trafikplats har inletts.<\/p>\n<p>Anh\u00f6riga \u00e4r underr\u00e4ttade.<\/p>\n","protected":false},"excerpt":{"rendered":"Offret, en kvinna i 50-\u00e5rs\u00e5ldern, hittades av f\u00f6rbipasserande i ett dike vid en l\u00e4nsv\u00e4g runt tio-tiden p\u00e5 torsdagen.&hellip;\n","protected":false},"author":2,"featured_media":80141,"comment_status":"","ping_status":"","sticky":false,"template":"","format":"standard","meta":{"footnotes":""},"categories":[5],"tags":[22,23,26,27,17,21,24,25,28,29,15,16,18,34,31,33,32,30,19,20],"class_list":{"0":"post-80140","1":"post","2":"type-post","3":"status-publish","4":"format-standard","5":"has-post-thumbnail","7":"category-rubriker","8":"tag-breaking-news","9":"tag-breakingnews","10":"tag-featured-news","11":"tag-featurednews","12":"tag-headlines","13":"tag-huvudnyheter","14":"tag-latest-news","15":"tag-latestnews","16":"tag-main-news","17":"tag-mainnews","18":"tag-news","19":"tag-nyheter","20":"tag-rubriker","21":"tag-se","22":"tag-svenska","23":"tag-sverige","24":"tag-sweden","25":"tag-swedish","26":"tag-top-stories","27":"tag-topstories"},"share_on_mastodon":{"url":"https:\/\/pubeurope.com\/@se\/115545629213675810","error":""},"_links":{"self":[{"href":"https:\/\/www.europesays.com\/se\/wp-json\/wp\/v2\/posts\/80140","targetHints":{"allow":["GET"]}}],"collection":[{"href":"https:\/\/www.europesays.com\/se\/wp-json\/wp\/v2\/posts"}],"about":[{"href":"https:\/\/www.europesays.com\/se\/wp-json\/wp\/v2\/types\/post"}],"author":[{"embeddable":true,"href":"https:\/\/www.europesays.com\/se\/wp-json\/wp\/v2\/users\/2"}],"replies":[{"embeddable":true,"href":"https:\/\/www.europesays.com\/se\/wp-json\/wp\/v2\/comments?post=80140"}],"version-history":[{"count":0,"href":"https:\/\/www.europesays.com\/se\/wp-json\/wp\/v2\/posts\/80140\/revisions"}],"wp:featuredmedia":[{"embeddable":true,"href":"https:\/\/www.europesays.com\/se\/wp-json\/wp\/v2\/media\/80141"}],"wp:attachment":[{"href":"https:\/\/www.europesays.com\/se\/wp-json\/wp\/v2\/media?parent=80140"}],"wp:term":[{"taxonomy":"category","embeddable":true,"href":"https:\/\/www.europesays.com\/se\/wp-json\/wp\/v2\/categories?post=80140"},{"taxonomy":"post_tag","embeddable":true,"href":"https:\/\/www.europesays.com\/se\/wp-json\/wp\/v2\/tags?post=80140"}],"curies":[{"name":"wp","href":"https:\/\/api.w.org\/{rel}","templated":true}]}}