{"id":80151,"date":"2025-11-14T02:27:26","date_gmt":"2025-11-14T02:27:26","guid":{"rendered":"https:\/\/www.europesays.com\/se\/80151\/"},"modified":"2025-11-14T02:27:26","modified_gmt":"2025-11-14T02:27:26","slug":"martin-melin-till-ls-partistyrelse","status":"publish","type":"post","link":"https:\/\/www.europesays.com\/se\/80151\/","title":{"rendered":"Martin Melin till L:s partistyrelse"},"content":{"rendered":"<p class=\"boxtextgrotesk-root_baa6 hyperion-css-7pajle\">Publicerad 2025-11-13 09.06<\/p>\n<p>share-arrowDela<\/p>\n<p>unsaveSpara<\/p>\n<p>expand-left<\/p>\n<p>helsk\u00e4rm<img decoding=\"async\" class=\"image-asset hyperion-css-u06ts1\" data-test-tag=\"image-asset\" src=\"https:\/\/www.europesays.com\/se\/wp-content\/uploads\/2025\/11\/533c2380-6495-49ef-8135-eaf10584ac33\"  alt=\"Liberalernas Martin Melin. Arkivbild.\"  loading=\"eager\" fetchpriority=\"high\" style=\"aspect-ratio:1900 \/ 1267\"\/>Liberalernas Martin Melin. Arkivbild. Foto: Henrik Montgomery\/TT<\/p>\n<p class=\"hyperion-css-1shl3oz\" data-test-tag=\"lead-text\">Liberalernas r\u00e4ttspolitiska talesperson Martin Melin och arbetsmarknadsminister Johan Britz nomineras till L:s partistyrelse.<\/p>\n<p class=\"hyperion-css-1v9qo5x\">Det framg\u00e5r av valberedningens f\u00f6rslag inf\u00f6r landsm\u00f6tet 2025, vilket SVT var f\u00f6rst med att rapportera.<\/p>\n<p class=\"hyperion-css-1v9qo5x\">Landsm\u00f6tet inleds den 21 november och d\u00e5 ska beslut om partiets nya ledning fattas.<\/p>\n<p class=\"hyperion-css-1v9qo5x\">Det \u00e4r sedan tidigare k\u00e4nt att bland andra den tidigare arbetsmarknadsministern Mats Persson och riksdagsledamoten Fredrik Malm l\u00e4mnar partistyrelsen.<\/p>\n","protected":false},"excerpt":{"rendered":"Publicerad 2025-11-13 09.06 share-arrowDela unsaveSpara expand-left helsk\u00e4rmLiberalernas Martin Melin. Arkivbild. Foto: Henrik Montgomery\/TT Liberalernas r\u00e4ttspolitiska talesperson Martin Melin&hellip;\n","protected":false},"author":2,"featured_media":80152,"comment_status":"","ping_status":"","sticky":false,"template":"","format":"standard","meta":{"footnotes":""},"categories":[5],"tags":[22,23,26,27,17,21,24,25,28,29,15,16,18,34,31,33,32,30,19,20],"class_list":{"0":"post-80151","1":"post","2":"type-post","3":"status-publish","4":"format-standard","5":"has-post-thumbnail","7":"category-rubriker","8":"tag-breaking-news","9":"tag-breakingnews","10":"tag-featured-news","11":"tag-featurednews","12":"tag-headlines","13":"tag-huvudnyheter","14":"tag-latest-news","15":"tag-latestnews","16":"tag-main-news","17":"tag-mainnews","18":"tag-news","19":"tag-nyheter","20":"tag-rubriker","21":"tag-se","22":"tag-svenska","23":"tag-sverige","24":"tag-sweden","25":"tag-swedish","26":"tag-top-stories","27":"tag-topstories"},"share_on_mastodon":{"url":"https:\/\/pubeurope.com\/@se\/115545692197088914","error":""},"_links":{"self":[{"href":"https:\/\/www.europesays.com\/se\/wp-json\/wp\/v2\/posts\/80151","targetHints":{"allow":["GET"]}}],"collection":[{"href":"https:\/\/www.europesays.com\/se\/wp-json\/wp\/v2\/posts"}],"about":[{"href":"https:\/\/www.europesays.com\/se\/wp-json\/wp\/v2\/types\/post"}],"author":[{"embeddable":true,"href":"https:\/\/www.europesays.com\/se\/wp-json\/wp\/v2\/users\/2"}],"replies":[{"embeddable":true,"href":"https:\/\/www.europesays.com\/se\/wp-json\/wp\/v2\/comments?post=80151"}],"version-history":[{"count":0,"href":"https:\/\/www.europesays.com\/se\/wp-json\/wp\/v2\/posts\/80151\/revisions"}],"wp:featuredmedia":[{"embeddable":true,"href":"https:\/\/www.europesays.com\/se\/wp-json\/wp\/v2\/media\/80152"}],"wp:attachment":[{"href":"https:\/\/www.europesays.com\/se\/wp-json\/wp\/v2\/media?parent=80151"}],"wp:term":[{"taxonomy":"category","embeddable":true,"href":"https:\/\/www.europesays.com\/se\/wp-json\/wp\/v2\/categories?post=80151"},{"taxonomy":"post_tag","embeddable":true,"href":"https:\/\/www.europesays.com\/se\/wp-json\/wp\/v2\/tags?post=80151"}],"curies":[{"name":"wp","href":"https:\/\/api.w.org\/{rel}","templated":true}]}}