{"id":80157,"date":"2025-11-14T02:40:33","date_gmt":"2025-11-14T02:40:33","guid":{"rendered":"https:\/\/www.europesays.com\/se\/80157\/"},"modified":"2025-11-14T02:40:33","modified_gmt":"2025-11-14T02:40:33","slug":"over-30-avvisas-efter-insatsen-vid-stegra-bygget","status":"publish","type":"post","link":"https:\/\/www.europesays.com\/se\/80157\/","title":{"rendered":"\u00d6ver 30 avvisas efter insatsen vid Stegra-bygget"},"content":{"rendered":"\n<p>&#13;<br \/>\n\t\t\t\t12:e november 2025, 11:45&#13;\n\t\t\t<\/p>\n<p>\t\t\t\t\t\t\t\t\t<img decoding=\"async\" fetchpriority=\"high\" src=\"https:\/\/www.europesays.com\/se\/wp-content\/uploads\/2025\/11\/Pontus-Lundahl-TT-Stegra-TT-Nyhetsbyran.webp.webp\" alt=\"\u00d6ver 30 avvisas efter insatsen vid Stegra-bygget\"\/><\/p>\n<p>&#13;<br \/>\n\t\t\t\t\t\t\tStegras bygge i Boden. Bilden \u00e4r tagen vid ett annat tillf\u00e4lle. Foto: Pontus Lundahl\/TT Nyhetsbyr\u00e5n\t\t\t\t\t\t<\/p>\n<p><strong>Totalt 32 personer avvisas efter myndigheternas stora inspektionsinsats vid Stegras bygge i Boden. <\/strong><\/p>\n<p>Myndigheternas insats vid bygget av Stegras st\u00e5lfabrik i Boden ledde initialt till att 19 personer, som inte hade r\u00e4tt att vistas och arbeta i Sverige, skulle avvisas.<\/p>\n<p>Men nu v\u00e4xer den siffran till 32 personer som m\u00e5ste l\u00e4mna landet, rapporterar <a href=\"https:\/\/www.sverigesradio.se\/artikel\/efter-insatsen-mot-stegra-32-personer-utvisas-fran-landet\" data-wpel-link=\"external\" target=\"_self\" rel=\"nofollow noopener noreferrer\">P4 Norrbotten<\/a>.<\/p>\n<p>Totalt kontrollerades ett hundratal personer p\u00e5 platsen och utredningarna \u00e4r fortsatt p\u00e5g\u00e5ende.<\/p>\n<p>\u2013 Fler kontroller m\u00e5ste genomf\u00f6ras s\u00e5klart och branschen sj\u00e4lv m\u00e5ste ocks\u00e5 t\u00e4nka sig f\u00f6r. Man m\u00e5ste ha koll p\u00e5 vilka som arbetar inom sin entreprenad. Och p\u00e5 sina underleverant\u00f6rer, s\u00e4ger Joakim Lundgren, insatschef vid gr\u00e4nspolisen, till P4 Norrbotten.<\/p>\n<p>Ett flertal anm\u00e4lningar om brott mot utl\u00e4nningslagen har uppr\u00e4ttats och flera personer sitter i f\u00f6rvar.<\/p>\n","protected":false},"excerpt":{"rendered":"&#13; 12:e november 2025, 11:45&#13; &#13; Stegras bygge i Boden. Bilden \u00e4r tagen vid ett annat tillf\u00e4lle. Foto:&hellip;\n","protected":false},"author":2,"featured_media":80158,"comment_status":"","ping_status":"","sticky":false,"template":"","format":"standard","meta":{"footnotes":""},"categories":[65],"tags":[72,70,71,7039,34,5975,31,33,32,30],"class_list":{"0":"post-80157","1":"post","2":"type-post","3":"status-publish","4":"format-standard","5":"has-post-thumbnail","7":"category-ekonomi","8":"tag-business","9":"tag-economy","10":"tag-ekonomi","11":"tag-inspektion","12":"tag-se","13":"tag-stegra","14":"tag-svenska","15":"tag-sverige","16":"tag-sweden","17":"tag-swedish"},"share_on_mastodon":{"url":"https:\/\/pubeurope.com\/@se\/115545743363876576","error":""},"_links":{"self":[{"href":"https:\/\/www.europesays.com\/se\/wp-json\/wp\/v2\/posts\/80157","targetHints":{"allow":["GET"]}}],"collection":[{"href":"https:\/\/www.europesays.com\/se\/wp-json\/wp\/v2\/posts"}],"about":[{"href":"https:\/\/www.europesays.com\/se\/wp-json\/wp\/v2\/types\/post"}],"author":[{"embeddable":true,"href":"https:\/\/www.europesays.com\/se\/wp-json\/wp\/v2\/users\/2"}],"replies":[{"embeddable":true,"href":"https:\/\/www.europesays.com\/se\/wp-json\/wp\/v2\/comments?post=80157"}],"version-history":[{"count":0,"href":"https:\/\/www.europesays.com\/se\/wp-json\/wp\/v2\/posts\/80157\/revisions"}],"wp:featuredmedia":[{"embeddable":true,"href":"https:\/\/www.europesays.com\/se\/wp-json\/wp\/v2\/media\/80158"}],"wp:attachment":[{"href":"https:\/\/www.europesays.com\/se\/wp-json\/wp\/v2\/media?parent=80157"}],"wp:term":[{"taxonomy":"category","embeddable":true,"href":"https:\/\/www.europesays.com\/se\/wp-json\/wp\/v2\/categories?post=80157"},{"taxonomy":"post_tag","embeddable":true,"href":"https:\/\/www.europesays.com\/se\/wp-json\/wp\/v2\/tags?post=80157"}],"curies":[{"name":"wp","href":"https:\/\/api.w.org\/{rel}","templated":true}]}}