{"id":80165,"date":"2025-11-14T03:16:08","date_gmt":"2025-11-14T03:16:08","guid":{"rendered":"https:\/\/www.europesays.com\/se\/80165\/"},"modified":"2025-11-14T03:16:08","modified_gmt":"2025-11-14T03:16:08","slug":"mutation-av-influensavirus-sprids-kan-bli-varsta-pa-tio-ar-valkant-faktum-nwt","status":"publish","type":"post","link":"https:\/\/www.europesays.com\/se\/80165\/","title":{"rendered":"Mutation av influensavirus sprids \u2013 kan bli v\u00e4rsta p\u00e5 tio \u00e5r: \u201dV\u00e4lk\u00e4nt faktum\u201d &#8211; NWT"},"content":{"rendered":"<ol>\n<li><a href=\"https:\/\/news.google.com\/rss\/articles\/CBMirwFBVV95cUxNTGZYcHdmUTBEbzRKV05iVm1wSnhLNm96V3ZmdzF5UVQwanNHR0FRQVpzQnk2UjVSX1dQRTJFenp1VlJQNmhJOVAwa1pSMlA4YWo5MkZ0RjNxOE9SaXIwNlJwM0hOS3NxWUR3cEJkaWJYNjBKRmI2cHQ1cHI1UXRBc09MTUdncmtfaTZFck03Y2RxX080WHN6Z2lWWjdxQU8xakdSQUJsZ0x4LXMwbm1V?oc=5\" target=\"_blank\" rel=\"nofollow noopener\">Mutation av influensavirus sprids \u2013 kan bli v\u00e4rsta p\u00e5 tio \u00e5r: \u201dV\u00e4lk\u00e4nt faktum\u201d<\/a>&nbsp;&nbsp;NWT<\/li>\n<li><a href=\"https:\/\/news.google.com\/rss\/articles\/CBMimgFBVV95cUxQRnpEZXFaVklaRkdET3RhWUE3T0twMlRUQUZRdTk3NFlieGtPc2plQnU0V1I2U2pxUjNoSW9rRVhZeW1hMVFidU1JVDNVbVVMQjdnS25XVDFPemNHc3VlOGhweUNFSkRWM2o1V1h6WDIwdG5rcWlHOENnZGlUU0Rfblg1TGRuWDBDZklvd09yNEJPNFFsSy05WERR?oc=5\" target=\"_blank\" rel=\"nofollow noopener\">Ny mutation sprids: \u201dDen finns i Sverige\u201d<\/a>&nbsp;&nbsp;Expressen<\/li>\n<li><a href=\"https:\/\/news.google.com\/rss\/articles\/CBMipgJBVV95cUxQNkt2cUpmc0VTcUtFNzFyZlM0Q0R5dlVsNjNBY08ta1hMclBNNUlGRzdrVGhESi1NLUJLU1pMbHhZdW5WWVRFaEYyZTFpMnZhdFJERzEwaFMyakFUSGdNcjY3WElwdlpuR3pqZTZrNW1sWl9fZkItM19aMUhrQlI1VWJYVjJ0dHdxMG13Mk4ySGZYUU9UUkc2QVd5QW90VW5PNnplbFRTS0hFTWZZWklYUHdNMDBFQnZZNkdkb1dFQlkzcC1veEQ3Vy1FU0RxNS1oYWFmTjdDMVZHMFF5OENFM1ZXZHlUaGItdUZITE9YeUh1VVhxc1pYdUNVV2I5TDJaY2p3Vjh3VFU0dURBT05fNUt5dkI5Zk1fZmVRZGpvS28wYmlsWGc?oc=5\" target=\"_blank\" rel=\"nofollow noopener\">Ny virusvariant v\u00e4cker oro: \u201dKan bli den v\u00e4rsta influensas\u00e4songen p\u00e5 tio \u00e5r\u201d<\/a>&nbsp;&nbsp;MSN<\/li>\n<li><a href=\"https:\/\/news.google.com\/rss\/articles\/CBMijwFBVV95cUxNLXB0MS12YTA0bGxNUksya0JmNjN6MU5aZnZFd1E2WlJxRnJZVnBCUEZUdkRoVXl6VUhtOWRLYWcwSFRyci10Z2Y0WHdKYUJjbHBjYU0teTV4UHdQLUdDWDVsRk1SMklrR3NaWUNMNVRWTHJRNlBScGFfZlBSbS13Q19jZEE0RVQzQl9qUDZ5aw?oc=5\" target=\"_blank\" rel=\"nofollow noopener\">Muterat H3N2-virus kan utl\u00f6sa influensautbrott i Asien<\/a>&nbsp;&nbsp;Vietnam.vn<\/li>\n<li><a href=\"https:\/\/news.google.com\/rss\/articles\/CBMid0FVX3lxTFBHMjN2a3JIZzNjQnEzMmxxR0pwVUZTNlBYdzE2TzNqakMwZU9od05idlM4dHE3a1diYlAyZUFWUWRsYmg1UjZsZlRjS0Jha2xsWlkyZlpMdUFNdHNBeXNJYTF3UkV6bXJNMS1CQVFCUjlYZzBzeVhZ?oc=5\" target=\"_blank\" rel=\"nofollow noopener\">FHM om influensavarningen: \u201dKan smita f\u00f6rbi\u201d<\/a>&nbsp;&nbsp;HD \u2013 Nyheter Dygnet Runt<\/li>\n<\/ol>\n","protected":false},"excerpt":{"rendered":"Mutation av influensavirus sprids \u2013 kan bli v\u00e4rsta p\u00e5 tio \u00e5r: \u201dV\u00e4lk\u00e4nt faktum\u201d&nbsp;&nbsp;NWT Ny mutation sprids: \u201dDen finns&hellip;\n","protected":false},"author":2,"featured_media":80166,"comment_status":"","ping_status":"","sticky":false,"template":"","format":"standard","meta":{"footnotes":""},"categories":[69],"tags":[113,112,34,31,33,32,30],"class_list":{"0":"post-80165","1":"post","2":"type-post","3":"status-publish","4":"format-standard","5":"has-post-thumbnail","7":"category-halsa","8":"tag-halsa","9":"tag-health","10":"tag-se","11":"tag-svenska","12":"tag-sverige","13":"tag-sweden","14":"tag-swedish"},"share_on_mastodon":{"url":"https:\/\/pubeurope.com\/@se\/115545884828288483","error":""},"_links":{"self":[{"href":"https:\/\/www.europesays.com\/se\/wp-json\/wp\/v2\/posts\/80165","targetHints":{"allow":["GET"]}}],"collection":[{"href":"https:\/\/www.europesays.com\/se\/wp-json\/wp\/v2\/posts"}],"about":[{"href":"https:\/\/www.europesays.com\/se\/wp-json\/wp\/v2\/types\/post"}],"author":[{"embeddable":true,"href":"https:\/\/www.europesays.com\/se\/wp-json\/wp\/v2\/users\/2"}],"replies":[{"embeddable":true,"href":"https:\/\/www.europesays.com\/se\/wp-json\/wp\/v2\/comments?post=80165"}],"version-history":[{"count":0,"href":"https:\/\/www.europesays.com\/se\/wp-json\/wp\/v2\/posts\/80165\/revisions"}],"wp:featuredmedia":[{"embeddable":true,"href":"https:\/\/www.europesays.com\/se\/wp-json\/wp\/v2\/media\/80166"}],"wp:attachment":[{"href":"https:\/\/www.europesays.com\/se\/wp-json\/wp\/v2\/media?parent=80165"}],"wp:term":[{"taxonomy":"category","embeddable":true,"href":"https:\/\/www.europesays.com\/se\/wp-json\/wp\/v2\/categories?post=80165"},{"taxonomy":"post_tag","embeddable":true,"href":"https:\/\/www.europesays.com\/se\/wp-json\/wp\/v2\/tags?post=80165"}],"curies":[{"name":"wp","href":"https:\/\/api.w.org\/{rel}","templated":true}]}}