{"id":80169,"date":"2025-11-14T03:22:12","date_gmt":"2025-11-14T03:22:12","guid":{"rendered":"https:\/\/www.europesays.com\/se\/80169\/"},"modified":"2025-11-14T03:22:12","modified_gmt":"2025-11-14T03:22:12","slug":"unizon-varje-vecka-maste-vara-fri-fran-vald-vi-kraver-nollvision","status":"publish","type":"post","link":"https:\/\/www.europesays.com\/se\/80169\/","title":{"rendered":"Unizon: Varje vecka m\u00e5ste vara fri fr\u00e5n v\u00e5ld \u2013 vi kr\u00e4ver nollvision"},"content":{"rendered":"<p>Unizon samlar \u00f6ver 140 kvinno-, tjej- och ungdomsjourer i hela landet. Vi m\u00f6ter kvinnor, flickor och barn som f\u00f6rs\u00f6ker \u00f6verleva \u2013 och vi ser konsekvenserna n\u00e4r samh\u00e4llet sviker.<\/p>\n<p>Vi i civilsamh\u00e4llet g\u00f6r v\u00e5r del, men det r\u00e4cker inte. Politiken m\u00e5ste ta ansvar, nationellt och lokalt. Vi vill se det i form av en tydlig nollvision mot m\u00e4ns v\u00e5ld.<\/p>\n<p>Normalisering b\u00f6rjar tidigt<\/p>\n<p>M\u00e4ns v\u00e5ld \u00e4r ingen naturlag. De flesta m\u00e4n \u00e4r inte v\u00e5ldsamma, men v\u00e5ld normaliseras st\u00e4ndigt i samh\u00e4llet. Fr\u00e5n serier till pornografi blandas kontroll, dominans och v\u00e5ld med k\u00e4rlek och sexualitet.<\/p>\n<blockquote class=\"quote right\"><p>&#13;<\/p>\n<p>En nollvision mot m\u00e4ns v\u00e5ld kr\u00e4ver handling, resurser, resultatutkr\u00e4vande och mod fr\u00e5n v\u00e5ra folkvalda<\/p>\n<p>&#13;<br \/>\n  <b\/>&#13;\n<\/p><\/blockquote>\n<p>F\u00f6r unga blir pornografi ofta f\u00f6rsta sexualundervisningen, och formar deras syn p\u00e5 relationer och gr\u00e4nser. N\u00e4r strypning framst\u00e4lls som normalt blir gr\u00e4nsen mellan sex och v\u00e5ld livsfarlig.<\/p>\n<p>Som en del av <a href=\"https:\/\/www.unizonjourer.se\/aktuellt\/kalendarium\/en-vecka-fri-fran-vald\/\" target=\"_blank\" rel=\"noopener nofollow\">En vecka fri fr\u00e5n v\u00e5ld<\/a> arrangerar Unizon en <a href=\"https:\/\/konferensevffv.confetti.events\/\" target=\"_blank\" rel=\"noopener nofollow\">konferens om strypv\u00e5ld<\/a>, d\u00e4r forskare, yrkesverksamma och jourer samlas f\u00f6r att diskutera risker, f\u00f6rebyggande insatser och st\u00f6d till utsatta. Det \u00e4r ett exempel p\u00e5 hur civilsamh\u00e4llet redan tar ansvar \u2013 men vi kan inte g\u00f6ra jobbet ensamma.<\/p>\n<p>Ett politiskt misslyckande<\/p>\n<p>Varje g\u00e5ng en kvinna m\u00f6rdas av en man har n\u00e5gon sett, h\u00f6rt eller anat. \u00c4nd\u00e5 \u00e4r samh\u00e4llets reaktion ofta f\u00f6r svag: polisen utreder f\u00f6r lite, domstolar d\u00f6mer f\u00f6r s\u00e4llan, socialtj\u00e4nsten saknar resurser.<\/p>\n<p>V\u00e5ldet kvinnor lever med i \u00e5ratal \u00e4r inte en privat tragedi \u2013 det \u00e4r ett politiskt misslyckande. Brott m\u00e5ste f\u00e5 konsekvenser, annars \u00e4r det kvinnorna och barnen som betalar priset.<\/p>\n<p>Ansvar och mod<\/p>\n<p>Under En vecka fri fr\u00e5n v\u00e5ld<a href=\"https:\/\/www.unizonjourer.se\/aktuellt\/kalendarium\/en-vecka-fri-fran-vald\/\" target=\"_blank\" rel=\"noopener nofollow\"> mobiliserar kommuner, regioner, skolor, jourer och civilsamh\u00e4llet tillsammans. Men det \u00e4r politiken som m\u00e5ste ta ledningen.<\/p>\n<p>Kvinnors och barns r\u00e4tt till liv, frihet och trygghet \u00e4r inte en dr\u00f6m \u2013 det \u00e4r ett ansvar. En nollvision mot m\u00e4ns v\u00e5ld kr\u00e4ver handling, resurser, resultatutkr\u00e4vande och mod fr\u00e5n v\u00e5ra folkvalda. Inte bara denna vecka, utan varje vecka.<\/p>\n<p><strong>Unizons krav i en nollvision:<\/strong><\/p>\n<ul>\n<li>Nationellt krisr\u00e5d mot m\u00e4ns v\u00e5ld mot kvinnor och barn \u2013 med mandat, samordningsansvar och krav p\u00e5 \u00e5terrapportering, p\u00e5 samma s\u00e4tt som mot g\u00e4ngv\u00e5ld.<\/li>\n<li>Skydd till varje pris \u2013 ett r\u00e4ttighetsbaserat system d\u00e4r polisen kan placera direkt p\u00e5 kvinnojourer n\u00e4r liv \u00e4r i fara. Budget ska aldrig hindra skydd.<\/li>\n<li>Full anv\u00e4ndning av alla tv\u00e5ngsmedel mot f\u00f6r\u00f6vare \u2013 straffriheten m\u00e5ste upph\u00f6ra. Kvinnor och barn ska inte tvingas g\u00f6mma sig f\u00f6r att samh\u00e4llet sviker.<\/li>\n<\/ul>\n","protected":false},"excerpt":{"rendered":"Unizon samlar \u00f6ver 140 kvinno-, tjej- och ungdomsjourer i hela landet. Vi m\u00f6ter kvinnor, flickor och barn som&hellip;\n","protected":false},"author":2,"featured_media":80170,"comment_status":"","ping_status":"","sticky":false,"template":"","format":"standard","meta":{"footnotes":""},"categories":[12],"tags":[22,23,26,27,17,21,24,25,28,29,15,16,18,34,31,33,32,30,19,20],"class_list":{"0":"post-80169","1":"post","2":"type-post","3":"status-publish","4":"format-standard","5":"has-post-thumbnail","7":"category-sverige","8":"tag-breaking-news","9":"tag-breakingnews","10":"tag-featured-news","11":"tag-featurednews","12":"tag-headlines","13":"tag-huvudnyheter","14":"tag-latest-news","15":"tag-latestnews","16":"tag-main-news","17":"tag-mainnews","18":"tag-news","19":"tag-nyheter","20":"tag-rubriker","21":"tag-se","22":"tag-svenska","23":"tag-sverige","24":"tag-sweden","25":"tag-swedish","26":"tag-top-stories","27":"tag-topstories"},"share_on_mastodon":{"url":"https:\/\/pubeurope.com\/@se\/115545908350695306","error":""},"_links":{"self":[{"href":"https:\/\/www.europesays.com\/se\/wp-json\/wp\/v2\/posts\/80169","targetHints":{"allow":["GET"]}}],"collection":[{"href":"https:\/\/www.europesays.com\/se\/wp-json\/wp\/v2\/posts"}],"about":[{"href":"https:\/\/www.europesays.com\/se\/wp-json\/wp\/v2\/types\/post"}],"author":[{"embeddable":true,"href":"https:\/\/www.europesays.com\/se\/wp-json\/wp\/v2\/users\/2"}],"replies":[{"embeddable":true,"href":"https:\/\/www.europesays.com\/se\/wp-json\/wp\/v2\/comments?post=80169"}],"version-history":[{"count":0,"href":"https:\/\/www.europesays.com\/se\/wp-json\/wp\/v2\/posts\/80169\/revisions"}],"wp:featuredmedia":[{"embeddable":true,"href":"https:\/\/www.europesays.com\/se\/wp-json\/wp\/v2\/media\/80170"}],"wp:attachment":[{"href":"https:\/\/www.europesays.com\/se\/wp-json\/wp\/v2\/media?parent=80169"}],"wp:term":[{"taxonomy":"category","embeddable":true,"href":"https:\/\/www.europesays.com\/se\/wp-json\/wp\/v2\/categories?post=80169"},{"taxonomy":"post_tag","embeddable":true,"href":"https:\/\/www.europesays.com\/se\/wp-json\/wp\/v2\/tags?post=80169"}],"curies":[{"name":"wp","href":"https:\/\/api.w.org\/{rel}","templated":true}]}}