{"id":80194,"date":"2025-11-14T04:45:15","date_gmt":"2025-11-14T04:45:15","guid":{"rendered":"https:\/\/www.europesays.com\/se\/80194\/"},"modified":"2025-11-14T04:45:15","modified_gmt":"2025-11-14T04:45:15","slug":"brynas-tappade-tvamalsledning-mot-malmo-shl","status":"publish","type":"post","link":"https:\/\/www.europesays.com\/se\/80194\/","title":{"rendered":"Bryn\u00e4s tappade tv\u00e5m\u00e5lsledning mot Malm\u00f6 | SHL"},"content":{"rendered":"<p>Publicerad 13 nov 2025 kl 21.17Uppdaterad kl 22.15<\/p>\n<p>Bryn\u00e4s tog ledningen med b\u00e5da 1-0 och 2-0.<\/p>\n<p>Men Oskar Blomgren i Malm\u00f6m\u00e5let s\u00e5g till att Malm\u00f6 kunde v\u00e4nda p\u00e5 matchen, d\u00e4r 2-2-m\u00e5let blev omtalat.<\/p>\n<p>\u2013 Det blir olyckligt, det \u00e4r en krock helt enkelt, s\u00e4ger Linus \u00d6berg om situationen med Johan Larsson som f\u00f6ranledde kvitteringen.<\/p>\n<p><img   alt=\"\"\/> <\/p>\n<p>Foto: ARON BROMAN \/ BILDBYR\u00c5N<\/p>\n<p>\u00d6ppna bild i helsk\u00e4rm<img loading=\"lazy\"   alt=\"\"\/> <\/p>\n<p>Foto: ARON BROMAN \/ BILDBYR\u00c5N<\/p>\n<p>\u00d6ppna bild i helsk\u00e4rmArtikeln i korthet<\/p>\n<p> Bryn\u00e4s tappade 2\u20130-ledning \u2013 Malm\u00f6 v\u00e4nde och vann med 4\u20133.<\/p>\n<p> Oskar Blomgren storspelade i Malm\u00f6m\u00e5let.<\/p>\n<p> 2\u20132 m\u00e5let blev omtalat, d\u00e5 \u00d6berg och Larsson kolliderade i sekvensen innan.<\/p>\n<p> Larsson nobbade media efter sm\u00e4llen.<\/p>\n<p>Visa mer<\/p>\n<p>Malm\u00f6 kom till G\u00e4vle som seriens s\u00e4msta bortalag.<\/p>\n<p>Det s\u00e5g ut ungef\u00e4r som det brukar. Hemmalaget f\u00f6rde matchen, och gick upp i ledning. Men Malm\u00f6, och inte minst Oskar Blomgren som p\u00e5 kort tid g\u00e5tt in och blivit etta i m\u00e5lvaktsbes\u00e4ttningen, ville annat.<\/p>\n<p>Trots att Bryn\u00e4s skapade mycket chanser, inte minst i den tredje perioden, s\u00e5 h\u00f6ll Blomgren t\u00e4tt och med mindre \u00e4n fem minuter kvar kunde Axel Sundberg g\u00f6ra 3-2, sedan satte Carl Persson 4-2 i tom bur. Visserligen gav Greg Scott lite nerv i slutet n\u00e4r han reducerade, men Malm\u00f6 h\u00f6ll ut och vann med 4-3.<\/p>\n<p>Efter matchen \u00e4r 2-2-m\u00e5let omtalat. Efter en situation i mittzon d\u00e4r Linus \u00d6berg och Johan Larsson kolliderade s\u00e5g Larsson ut att f\u00e5 ont.<\/p>\n<p>Larsson nobbade media f\u00f6r behandling<\/p>\n<p>Efter matchen kommer Johan Larsson inte ut till media, utan f\u00e5r behandling.<\/p>\n<p>Han spelade dock klart matchen.<\/p>\n<p><img loading=\"lazy\"   alt=\"\"\/><\/p>\n<p>Johan Larsson.<\/p>\n<p>Foto: ARON BROMAN \/ BILDBYR\u00c5N<\/p>\n<p>\u00d6ppna bild i helsk\u00e4rm<img loading=\"lazy\"   alt=\"\"\/> <\/p>\n<p>Foto: NICLAS J\u00d6NSSON \/ BILDBYR\u00c5N<\/p>\n<p>\u00d6ppna bild i helsk\u00e4rm<\/p>\n<p>Linus \u00d6berg v\u00e4ljer dock att kommentera situationen.<\/p>\n<p>\u2013 Ingen av oss ser varandra. Jag hinner uppfatta honom i sista sekund, sp\u00e4nner upp kroppen och f\u00f6rs\u00f6ker att dra mig undan.<\/p>\n<p><strong>S\u00e5 det var inget fult?<\/strong><\/p>\n<p>\u2013 Inte som jag uppfattar det. Det blir en krock d\u00e4r vi ser varandra sent. Jag hoppas det gick bra med honom. Det \u00e4r hockey, och det \u00e4r s\u00e5dant som h\u00e4nder. N\u00e4sta g\u00e5ng kanske det \u00e4r vi som blir drabbade, s\u00e4ger \u00d6berg.<\/p>\n<p>Blomgren hj\u00e4lte igen<\/p>\n<p>Segern f\u00f6r Malm\u00f6s del var den tredje raka. Det var ocks\u00e5 den tredje raka matchen som Oskar Blomgren stod i m\u00e5l.<\/p>\n<p>Han fick p\u00e5 nytt en svettig kv\u00e4ll.<\/p>\n<p>\u2013 Mentalt \u00e4r man totalt dr\u00e4nerad. Men jag tycker \u00e4nd\u00e5 vi h\u00e5ller ihop det bra.<\/p>\n<p><strong>F\u00e5r du st\u00e5 till du g\u00f6r en plattmatch nu?<\/strong><\/p>\n<p>\u2013 Det hoppas jag, s\u00e4ger Blomgren och skrattar.<\/p>\n<p>\u2013 Nej, men jag vet inte. Vi har tv\u00e5 andra m\u00e5lvakter.<\/p>\n<p>\u201d<strong>St\u00e4ller du inte till det lite<\/strong>\u201d<strong> f\u00f6r sportchefen, n\u00e4r du g\u00e5r in och \u00e4r b\u00e4st av er tre, som den minst etablerade?<\/strong><\/p>\n<p>\u2013 Jag g\u00f6r bara mitt jobb, och sedan f\u00e5r vi se vad som h\u00e4nder. Det \u00e4r upp till \u201dOgge\u201d vad som h\u00e4nder med alla. Men jag vill st\u00e5 alla matcher.<\/p>\n<p><strong>Ditt besked \u00e4r att de ska spela v\u00e4ldigt bra om de ska peta dig?<\/strong><\/p>\n<p>\u2013 Absolut! Lite s\u00e5. Jag vill alltid spela och \u00e4r redo \u00e4ven fram\u00f6ver, s\u00e4ger Oskar Blomgren.<\/p>\n","protected":false},"excerpt":{"rendered":"Publicerad 13 nov 2025 kl 21.17Uppdaterad kl 22.15 Bryn\u00e4s tog ledningen med b\u00e5da 1-0 och 2-0. Men Oskar&hellip;\n","protected":false},"author":2,"featured_media":80195,"comment_status":"","ping_status":"","sticky":false,"template":"","format":"standard","meta":{"footnotes":""},"categories":[68],"tags":[824,2735,1179,34,255,823,111,110,31,33,32,30],"class_list":{"0":"post-80194","1":"post","2":"type-post","3":"status-publish","4":"format-standard","5":"has-post-thumbnail","7":"category-sport","8":"tag-organization-brynas-if","9":"tag-organization-malmo-redhawks","10":"tag-organization-shl","11":"tag-se","12":"tag-sections-ishockey","13":"tag-sections-shl","14":"tag-sport","15":"tag-sports","16":"tag-svenska","17":"tag-sverige","18":"tag-sweden","19":"tag-swedish"},"share_on_mastodon":{"url":"https:\/\/pubeurope.com\/@se\/115546234811123362","error":""},"_links":{"self":[{"href":"https:\/\/www.europesays.com\/se\/wp-json\/wp\/v2\/posts\/80194","targetHints":{"allow":["GET"]}}],"collection":[{"href":"https:\/\/www.europesays.com\/se\/wp-json\/wp\/v2\/posts"}],"about":[{"href":"https:\/\/www.europesays.com\/se\/wp-json\/wp\/v2\/types\/post"}],"author":[{"embeddable":true,"href":"https:\/\/www.europesays.com\/se\/wp-json\/wp\/v2\/users\/2"}],"replies":[{"embeddable":true,"href":"https:\/\/www.europesays.com\/se\/wp-json\/wp\/v2\/comments?post=80194"}],"version-history":[{"count":0,"href":"https:\/\/www.europesays.com\/se\/wp-json\/wp\/v2\/posts\/80194\/revisions"}],"wp:featuredmedia":[{"embeddable":true,"href":"https:\/\/www.europesays.com\/se\/wp-json\/wp\/v2\/media\/80195"}],"wp:attachment":[{"href":"https:\/\/www.europesays.com\/se\/wp-json\/wp\/v2\/media?parent=80194"}],"wp:term":[{"taxonomy":"category","embeddable":true,"href":"https:\/\/www.europesays.com\/se\/wp-json\/wp\/v2\/categories?post=80194"},{"taxonomy":"post_tag","embeddable":true,"href":"https:\/\/www.europesays.com\/se\/wp-json\/wp\/v2\/tags?post=80194"}],"curies":[{"name":"wp","href":"https:\/\/api.w.org\/{rel}","templated":true}]}}