{"id":80379,"date":"2025-11-14T08:28:17","date_gmt":"2025-11-14T08:28:17","guid":{"rendered":"https:\/\/www.europesays.com\/se\/80379\/"},"modified":"2025-11-14T08:28:17","modified_gmt":"2025-11-14T08:28:17","slug":"trafikolycka-pa-tycho-hedens-vag-tva-personer-till-sjukhus","status":"publish","type":"post","link":"https:\/\/www.europesays.com\/se\/80379\/","title":{"rendered":"Trafikolycka p\u00e5 Tycho Hed\u00e9ns v\u00e4g \u2013 tv\u00e5 personer till sjukhus"},"content":{"rendered":"<p>Larmet om en trafikolycka med flera fordon inblandade kom in 08.21 p\u00e5 fredagsmorgonen. Det ska handla om en form av k\u00f6krock i en korsningen p\u00e5 Tycho Hed\u00e9ns v\u00e4g och Apelgatan, i h\u00f6jd med Celsiusskolan.Polis, r\u00e4ddningstj\u00e4nst och ambulans ryckte ut till platsen.\u2013 Det r\u00f6r sig om minst fyra bilar, s\u00e4ger en av poliserna p\u00e5 plats.Tv\u00e5 personer har f\u00f6rts till sjukhus med ambul<\/p>\n","protected":false},"excerpt":{"rendered":"Larmet om en trafikolycka med flera fordon inblandade kom in 08.21 p\u00e5 fredagsmorgonen. Det ska handla om en&hellip;\n","protected":false},"author":2,"featured_media":80380,"comment_status":"","ping_status":"","sticky":false,"template":"","format":"standard","meta":{"footnotes":""},"categories":[5],"tags":[22,23,26,27,17,21,24,25,28,29,15,16,18,34,31,33,32,30,19,20],"class_list":{"0":"post-80379","1":"post","2":"type-post","3":"status-publish","4":"format-standard","5":"has-post-thumbnail","7":"category-rubriker","8":"tag-breaking-news","9":"tag-breakingnews","10":"tag-featured-news","11":"tag-featurednews","12":"tag-headlines","13":"tag-huvudnyheter","14":"tag-latest-news","15":"tag-latestnews","16":"tag-main-news","17":"tag-mainnews","18":"tag-news","19":"tag-nyheter","20":"tag-rubriker","21":"tag-se","22":"tag-svenska","23":"tag-sverige","24":"tag-sweden","25":"tag-swedish","26":"tag-top-stories","27":"tag-topstories"},"share_on_mastodon":{"url":"https:\/\/pubeurope.com\/@se\/115547111595320390","error":""},"_links":{"self":[{"href":"https:\/\/www.europesays.com\/se\/wp-json\/wp\/v2\/posts\/80379","targetHints":{"allow":["GET"]}}],"collection":[{"href":"https:\/\/www.europesays.com\/se\/wp-json\/wp\/v2\/posts"}],"about":[{"href":"https:\/\/www.europesays.com\/se\/wp-json\/wp\/v2\/types\/post"}],"author":[{"embeddable":true,"href":"https:\/\/www.europesays.com\/se\/wp-json\/wp\/v2\/users\/2"}],"replies":[{"embeddable":true,"href":"https:\/\/www.europesays.com\/se\/wp-json\/wp\/v2\/comments?post=80379"}],"version-history":[{"count":0,"href":"https:\/\/www.europesays.com\/se\/wp-json\/wp\/v2\/posts\/80379\/revisions"}],"wp:featuredmedia":[{"embeddable":true,"href":"https:\/\/www.europesays.com\/se\/wp-json\/wp\/v2\/media\/80380"}],"wp:attachment":[{"href":"https:\/\/www.europesays.com\/se\/wp-json\/wp\/v2\/media?parent=80379"}],"wp:term":[{"taxonomy":"category","embeddable":true,"href":"https:\/\/www.europesays.com\/se\/wp-json\/wp\/v2\/categories?post=80379"},{"taxonomy":"post_tag","embeddable":true,"href":"https:\/\/www.europesays.com\/se\/wp-json\/wp\/v2\/tags?post=80379"}],"curies":[{"name":"wp","href":"https:\/\/api.w.org\/{rel}","templated":true}]}}