{"id":80517,"date":"2025-11-14T10:48:08","date_gmt":"2025-11-14T10:48:08","guid":{"rendered":"https:\/\/www.europesays.com\/se\/80517\/"},"modified":"2025-11-14T10:48:08","modified_gmt":"2025-11-14T10:48:08","slug":"dom-i-mal-om-mord-m-m","status":"publish","type":"post","link":"https:\/\/www.europesays.com\/se\/80517\/","title":{"rendered":"Dom i m\u00e5l om mord m.m."},"content":{"rendered":"<p>&#13;<br \/>\n&#13;<br \/>\nS\u00f6dert\u00e4lje tingsr\u00e4tt har idag d\u00f6mt tv\u00e5 17-\u00e5ringar f\u00f6r mord respektive medhj\u00e4lp till mord. En 23-\u00e5rig man som ocks\u00e5 var \u00e5talad f\u00f6r medhj\u00e4lp till mord har frik\u00e4nts.<\/p>\n<p>Den 21 mars 2025 sk\u00f6ts en ung man ihj\u00e4l i en g\u00e5ngtunnel i stadsdelen Geneta i S\u00f6dert\u00e4lje. Mannen hade lurats dit under f\u00f6respeglingen att han skulle f\u00e5 ers\u00e4ttning f\u00f6r ett misslyckat k\u00f6p av termosbomber. V\u00e4l d\u00e4r v\u00e4ntade i st\u00e4llet den d\u00e5 16-\u00e5riga g\u00e4rningsmannen som sk\u00f6t ihj\u00e4l offret med flera skott. G\u00e4rningsmannen, som \u00e4r hemmah\u00f6rande i de sydv\u00e4stra delarna av Sverige, har rekryterats via chattar p\u00e5 applikationen Signal f\u00f6r att genomf\u00f6ra mordet. Han verkar dock ursprungligen ha rekryterats f\u00f6r att m\u00f6rda en annan ok\u00e4nd person men n\u00e4r konflikten om termosbomberna uppst\u00e5tt s\u00e5 har m\u00e5ltavlan med kort varsel \u00e4ndrats. Den person som d\u00f6ms f\u00f6r medhj\u00e4lp till mord har bl.a. f\u00f6rmedlat kontakten mellan uppdragsgivaren och skytten. Den 23-\u00e5riga mannen var \u00e5talad f\u00f6r att ha bokat det motellrum som skytten bodde p\u00e5 n\u00e4r han dagen innan mordet kom upp till Stockholmsomr\u00e5det. \u00c5talet mot 23-\u00e5ringen har dock ogillats eftersom det inte visats att han haft s\u00e5dant upps\u00e5t som kr\u00e4vs f\u00f6r att han ska kunna d\u00f6mas till ansvar.<\/p>\n<p>\u00a0<\/p>\n<p>Skytten d\u00f6ms till sluten ungdomsv\u00e5rd i 3 \u00e5r 5 m\u00e5nader. Vid best\u00e4mmande av straffets l\u00e4ngd har b\u00e5de beaktats g\u00e4rningsmannens \u00e5lder och den omst\u00e4ndigheten att han under f\u00f6runders\u00f6kningen l\u00e4mnat v\u00e4rdefulla uppgifter som drivit utredningen fram\u00e5t. 17-\u00e5ringen som d\u00f6ms f\u00f6r medhj\u00e4lp till mord d\u00f6ms till sluten ungdomsv\u00e5rd i 2 \u00e5r 11 m\u00e5nader. Vid best\u00e4mmande av det straffet har h\u00e4nsyn tagits till hans \u00e5lder.<\/p>\n<p>\u00a0<\/p>\n<p>\u2013 Det har varit fr\u00e5ga om en avr\u00e4ttning mot betalning av en f\u00f6r g\u00e4rningsmannen helt ok\u00e4nd person. Mordet har skett i n\u00e4tverksmilj\u00f6. Om g\u00e4rningsmannen varit vuxen hade p\u00e5f\u00f6ljden best\u00e4mts till livstids f\u00e4ngelse. \u00c4ven den person som d\u00f6ms f\u00f6r medhj\u00e4lp till mord har haft en avg\u00f6rande roll f\u00f6r att mordet skulle kunna ske. Hans roll har varit att hitta utf\u00f6rare och f\u00f6rmedla morduppdrag avseende konflikter som han i \u00f6vrigt inte verkar ha n\u00e5gon n\u00e4rmare inblandning i, s\u00e4ger tf. chefsr\u00e5dmannen Jonas Brunberg, r\u00e4ttens ordf\u00f6rande.<\/p>\n<p>\u00a0<\/p>\n<p>Tingsr\u00e4tten har varit enig i sin bed\u00f6mning. \u00a0<\/p>\n","protected":false},"excerpt":{"rendered":"&#13; &#13; S\u00f6dert\u00e4lje tingsr\u00e4tt har idag d\u00f6mt tv\u00e5 17-\u00e5ringar f\u00f6r mord respektive medhj\u00e4lp till mord. En 23-\u00e5rig man&hellip;\n","protected":false},"author":2,"featured_media":80518,"comment_status":"","ping_status":"","sticky":false,"template":"","format":"standard","meta":{"footnotes":""},"categories":[12],"tags":[22,23,26,27,17,21,24,25,28,29,15,16,18,34,31,33,32,30,19,20],"class_list":{"0":"post-80517","1":"post","2":"type-post","3":"status-publish","4":"format-standard","5":"has-post-thumbnail","7":"category-sverige","8":"tag-breaking-news","9":"tag-breakingnews","10":"tag-featured-news","11":"tag-featurednews","12":"tag-headlines","13":"tag-huvudnyheter","14":"tag-latest-news","15":"tag-latestnews","16":"tag-main-news","17":"tag-mainnews","18":"tag-news","19":"tag-nyheter","20":"tag-rubriker","21":"tag-se","22":"tag-svenska","23":"tag-sverige","24":"tag-sweden","25":"tag-swedish","26":"tag-top-stories","27":"tag-topstories"},"share_on_mastodon":{"url":"https:\/\/pubeurope.com\/@se\/115547662237085792","error":""},"_links":{"self":[{"href":"https:\/\/www.europesays.com\/se\/wp-json\/wp\/v2\/posts\/80517","targetHints":{"allow":["GET"]}}],"collection":[{"href":"https:\/\/www.europesays.com\/se\/wp-json\/wp\/v2\/posts"}],"about":[{"href":"https:\/\/www.europesays.com\/se\/wp-json\/wp\/v2\/types\/post"}],"author":[{"embeddable":true,"href":"https:\/\/www.europesays.com\/se\/wp-json\/wp\/v2\/users\/2"}],"replies":[{"embeddable":true,"href":"https:\/\/www.europesays.com\/se\/wp-json\/wp\/v2\/comments?post=80517"}],"version-history":[{"count":0,"href":"https:\/\/www.europesays.com\/se\/wp-json\/wp\/v2\/posts\/80517\/revisions"}],"wp:featuredmedia":[{"embeddable":true,"href":"https:\/\/www.europesays.com\/se\/wp-json\/wp\/v2\/media\/80518"}],"wp:attachment":[{"href":"https:\/\/www.europesays.com\/se\/wp-json\/wp\/v2\/media?parent=80517"}],"wp:term":[{"taxonomy":"category","embeddable":true,"href":"https:\/\/www.europesays.com\/se\/wp-json\/wp\/v2\/categories?post=80517"},{"taxonomy":"post_tag","embeddable":true,"href":"https:\/\/www.europesays.com\/se\/wp-json\/wp\/v2\/tags?post=80517"}],"curies":[{"name":"wp","href":"https:\/\/api.w.org\/{rel}","templated":true}]}}