{"id":80519,"date":"2025-11-14T10:49:18","date_gmt":"2025-11-14T10:49:18","guid":{"rendered":"https:\/\/www.europesays.com\/se\/80519\/"},"modified":"2025-11-14T10:49:18","modified_gmt":"2025-11-14T10:49:18","slug":"valdet-bakom-stangda-dorrar-maste-upp-i-ljuset-stor-polisinsats-i-ostergotland","status":"publish","type":"post","link":"https:\/\/www.europesays.com\/se\/80519\/","title":{"rendered":"V\u00e5ldet bakom st\u00e4ngda d\u00f6rrar m\u00e5ste upp i ljuset \u2013 stor polisinsats i \u00d6sterg\u00f6tland"},"content":{"rendered":"<p>        &#13;<br \/>\n                &#13;<br \/>\n                    &#13;<br \/>\n                &#13;<br \/>\n&#13;<\/p>\n<p>&#13;<br \/>\n                        Bild&#13;<br \/>\n                        1\/2&#13;\n                    <\/p>\n<p>                    &#13;<br \/>\n                        &#13;<br \/>\n                            &#13;<br \/>\n                            &#13;<br \/>\n                            &#13;<br \/>\n                            &#13;<br \/>\n                            &#13;<br \/>\n                            <img decoding=\"async\" src=\"https:\/\/www.europesays.com\/se\/wp-content\/uploads\/2025\/11\/1763117357_346_\" alt=\"Ett fotografi som visar tv\u00e5 kvinnliga poliser som st\u00e5r utanf\u00f6r en l\u00e4genhetsd\u00f6rr och pratar med l\u00e4genhetsinnehavaren.\" class=\"m-0 js-image c-imageslider\" width=\"2016\" height=\"1512\" loading=\"lazy\"\/>&#13;<br \/>\n                        &#13;<br \/>\n&#13;<br \/>\n                            &#13;<br \/>\n                                    Under Orange Week (vecka 47) kommer polisen att genomf\u00f6ra d\u00f6rrknackning i \u00d6sterg\u00f6tland f\u00f6r att informera om v\u00e5ld i \u00e4ldres relationer. &#13;<br \/>\n&#13;<br \/>\n                                    Bild: Polisen&#13;<br \/>\n                            &#13;<\/p>\n<p>                &#13;<\/p>\n<p>&#13;<br \/>\n                        Bild&#13;<br \/>\n                        2\/2&#13;\n                    <\/p>\n<p>                    &#13;<br \/>\n                        &#13;<br \/>\n                            &#13;<br \/>\n                            &#13;<br \/>\n                            &#13;<br \/>\n                            &#13;<br \/>\n                            &#13;<br \/>\n                            <img decoding=\"async\" src=\"https:\/\/www.europesays.com\/se\/wp-content\/uploads\/2025\/11\/1763117358_699_\" alt=\"Ett fotografi som f\u00f6rest\u00e4ller Jan Hofvenstam, polisomr\u00e5deschef \u00d6sterg\u00f6tland.\" class=\"m-0 js-image c-imageslider\" width=\"6693\" height=\"4464\" loading=\"lazy\"\/>&#13;<br \/>\n                        &#13;<br \/>\n&#13;<br \/>\n                            &#13;<br \/>\n                                    Jan Hofvenstam, polisomr\u00e5deschef \u00d6sterg\u00f6tland.&#13;<br \/>\n&#13;<br \/>\n                                    Bild: Polisen&#13;<br \/>\n                            &#13;<\/p>\n<p>                &#13;<br \/>\n&#13;<br \/>\n                &#13;<br \/>\n                    &#13;<br \/>\n                &#13;<\/p>\n<p class=\"preamble\">&#13;<br \/>\n            F\u00f6rra \u00e5ret anm\u00e4lde n\u00e4stan 700 kvinnor i \u00d6sterg\u00f6tland en man f\u00f6r v\u00e5ld i parrelation. Nu kraftsamlar Polisen i l\u00e4net under veckan \u201dEn vecka fri fr\u00e5n v\u00e5ld\u201d f\u00f6r att uppm\u00e4rksamma, f\u00f6rebygga och stoppa m\u00e4ns v\u00e5ld mot kvinnor.&#13;\n        <\/p>\n<p>Bakom siffran finns m\u00e4nniskor som uts\u00e4tts f\u00f6r b\u00e5de psykiskt och fysiks v\u00e5ld. Det kan handla om allt fr\u00e5n olagahot, misshandel, v\u00e5ldt\u00e4kt, i v\u00e4rsta fall dr\u00e5p och mord. Kvinnorna uts\u00e4tts f\u00f6r detta p\u00e5 en plats d\u00e4r de ska k\u00e4nna sig som mest trygga.<\/p>\n<p>Informationsinsats i hela \u00d6sterg\u00f6tland<\/p>\n<p>Under veckan genomf\u00f6rs en bred informationsinsats i samtliga lokalpolisomr\u00e5den i \u00d6sterg\u00f6tland. Poliser kommer att knacka d\u00f6rr och prata med boende om hur man kan agera om man h\u00f6r dunsar, skrik eller p\u00e5 annat s\u00e4tt misst\u00e4nker att n\u00e5gon i sin n\u00e4rheten uts\u00e4tts f\u00f6r v\u00e5ld.<\/p>\n<p>\u2013 M\u00e4ns v\u00e5ld mot kvinnor och v\u00e5ld i n\u00e4ra relation \u00e4r allvarliga och grova brott som m\u00e5ste f\u00f6rebyggas, stoppas och lagf\u00f6ras. Konsekvenserna \u00e4r enorma b\u00e5de f\u00f6r de som uts\u00e4tts och f\u00f6r barn som v\u00e4xer upp i v\u00e5ldets n\u00e4rhet. Den h\u00e4r brottsligheten f\u00f6rtj\u00e4nar samma uppm\u00e4rksamhet som skjutningar och spr\u00e4ngningar, s\u00e4ger Jan Hofvenstam, polisomr\u00e5deschef \u00d6sterg\u00f6tland.<\/p>\n<p>Grannar kan r\u00e4dda liv<\/p>\n<p>M\u00f6rkertalet \u00e4r stort och m\u00e5nga ber\u00e4ttar aldrig, av skam, skuld eller f\u00f6r att v\u00e5ldet blivit en del av vardagen. D\u00e4rf\u00f6r \u00e4r det viktigt att du som granne eller n\u00e4rst\u00e5ende reagerar om du misst\u00e4nker v\u00e5ld. V\u00e5ga knacka p\u00e5, fr\u00e5ga hur det st\u00e5r till och ring polisen om du \u00e4r orolig. Din insats kan r\u00e4dda liv. V\u00e5ld \u00e4r ingen privatsak.<\/p>\n<p>Media v\u00e4lkomnas att delta<\/p>\n<p>Polisen bjuder in media att delta under delar av insatsen under eftermiddag\/kv\u00e4ll:<\/p>\n<ul>\n<li>LPO Norrk\u00f6ping \u2013 17 november<\/li>\n<li>LPO Link\u00f6ping \u2013 17 november<\/li>\n<li>LPO Motala \u2013 19 november<\/li>\n<\/ul>\n<p>Kontakta <a href=\"http:\/\/polisen.se\/aktuellt\/nyheter\/ost\/2025\/november\/valdet-bakom-stangda-dorrar-maste-upp-i-ljuset--stor-polisinsats-i-ostergotland\/mailto:media.ost@polisen.se\" rel=\"nofollow noopener\" target=\"_blank\">media.ost@polisen.se<\/a> om ni vill delta eller fyll i formul\u00e4ret nedan.<\/p>\n<p>            Sl\u00e5 p\u00e5 JavaScript<\/p>\n<p>\n          Du verkar inte till\u00e5ta att JavaScript anv\u00e4nds i din webbl\u00e4sare.<br \/>\n          F\u00f6r att kunna anv\u00e4nda alla funktioner p\u00e5 webbplatsen beh\u00f6ver du till\u00e5ta att JavaScript anv\u00e4nds i webbl\u00e4sarsnabbnavigering en.\n        <\/p>\n<p>&#13;<br \/>\n                    <strong>&#13;<br \/>\n                        Publicerad&#13;<br \/>\n                    <\/strong>&#13;<br \/>\n                    &#13;<br \/>\n                        14 november 2025 09.06&#13;<br \/>\n                    &#13;<br \/>\n                    <br \/>&#13;\n            <\/p>\n<p>        &#13;<br \/>\n    &#13;<br \/>\n    &#13;<\/p>\n","protected":false},"excerpt":{"rendered":"&#13; &#13; &#13; &#13; &#13; &#13; Bild&#13; 1\/2&#13; &#13; &#13; &#13; &#13; &#13; &#13; &#13; &#13; &#13; &#13;&hellip;\n","protected":false},"author":2,"featured_media":54,"comment_status":"","ping_status":"","sticky":false,"template":"","format":"standard","meta":{"footnotes":""},"categories":[5],"tags":[22,23,26,27,17,21,24,25,28,29,15,16,18,34,31,33,32,30,19,20],"class_list":{"0":"post-80519","1":"post","2":"type-post","3":"status-publish","4":"format-standard","5":"has-post-thumbnail","7":"category-rubriker","8":"tag-breaking-news","9":"tag-breakingnews","10":"tag-featured-news","11":"tag-featurednews","12":"tag-headlines","13":"tag-huvudnyheter","14":"tag-latest-news","15":"tag-latestnews","16":"tag-main-news","17":"tag-mainnews","18":"tag-news","19":"tag-nyheter","20":"tag-rubriker","21":"tag-se","22":"tag-svenska","23":"tag-sverige","24":"tag-sweden","25":"tag-swedish","26":"tag-top-stories","27":"tag-topstories"},"share_on_mastodon":{"url":"https:\/\/pubeurope.com\/@se\/115547666477280330","error":""},"_links":{"self":[{"href":"https:\/\/www.europesays.com\/se\/wp-json\/wp\/v2\/posts\/80519","targetHints":{"allow":["GET"]}}],"collection":[{"href":"https:\/\/www.europesays.com\/se\/wp-json\/wp\/v2\/posts"}],"about":[{"href":"https:\/\/www.europesays.com\/se\/wp-json\/wp\/v2\/types\/post"}],"author":[{"embeddable":true,"href":"https:\/\/www.europesays.com\/se\/wp-json\/wp\/v2\/users\/2"}],"replies":[{"embeddable":true,"href":"https:\/\/www.europesays.com\/se\/wp-json\/wp\/v2\/comments?post=80519"}],"version-history":[{"count":0,"href":"https:\/\/www.europesays.com\/se\/wp-json\/wp\/v2\/posts\/80519\/revisions"}],"wp:featuredmedia":[{"embeddable":true,"href":"https:\/\/www.europesays.com\/se\/wp-json\/wp\/v2\/media\/54"}],"wp:attachment":[{"href":"https:\/\/www.europesays.com\/se\/wp-json\/wp\/v2\/media?parent=80519"}],"wp:term":[{"taxonomy":"category","embeddable":true,"href":"https:\/\/www.europesays.com\/se\/wp-json\/wp\/v2\/categories?post=80519"},{"taxonomy":"post_tag","embeddable":true,"href":"https:\/\/www.europesays.com\/se\/wp-json\/wp\/v2\/tags?post=80519"}],"curies":[{"name":"wp","href":"https:\/\/api.w.org\/{rel}","templated":true}]}}