{"id":80531,"date":"2025-11-14T11:04:07","date_gmt":"2025-11-14T11:04:07","guid":{"rendered":"https:\/\/www.europesays.com\/se\/80531\/"},"modified":"2025-11-14T11:04:07","modified_gmt":"2025-11-14T11:04:07","slug":"man-lurades-till-sin-dod-tonaringar-doms-vasterbottens-kuriren","status":"publish","type":"post","link":"https:\/\/www.europesays.com\/se\/80531\/","title":{"rendered":"Man lurades till sin d\u00f6d \u2013 ton\u00e5ringar d\u00f6ms &#8211; V\u00e4sterbottens-Kuriren"},"content":{"rendered":"<ol>\n<li><a href=\"https:\/\/news.google.com\/rss\/articles\/CBMigAFBVV95cUxQeVdaZUZyUDdQUktiNmh0N0JJSmo1SWl0M0tmbExTU0tCeEVrYm5yU2RFV2FXWFA1a3RaTEt1TWtZNkNFbDhVbWxENVhLaHVBbzE4aEF2aHhJUEhBWlZJMllIM0FmcTYxdmR0YzFGdlZ3c1Y0cGlScjJxeUF2Q2hzYw?oc=5\" target=\"_blank\" rel=\"nofollow noopener\">Man lurades till sin d\u00f6d \u2013 ton\u00e5ringar d\u00f6ms<\/a>&nbsp;&nbsp;V\u00e4sterbottens-Kuriren<\/li>\n<li><a href=\"https:\/\/news.google.com\/rss\/articles\/CBMipgFBVV95cUxOZG5WNk9kdUd2TWFEUGNHVXpBZVFJUFlqQkU3Z3hoX3cxY05ua0RiOTRET3UtaFFrbWY3UmVzdlZCaVhHMnJFVkc4bjVnWXFzNzUxeldQT1Z0UXpQY3ByenpLV2paOWswZTExSUhzMEdqVDdZcXhkc0NRVzVsUUxraUpORERFakVDdEpfT01ocS1JaVQ3eVFLU1A1OURKQ25ySC1JZGN3?oc=5\" target=\"_blank\" rel=\"nofollow noopener\">Lurades till g\u00e5ngtunnel och m\u00f6rdades \u2013 17-\u00e5ringar d\u00f6ms<\/a>&nbsp;&nbsp;Aftonbladet<\/li>\n<li><a href=\"https:\/\/news.google.com\/rss\/articles\/CBMipgFBVV95cUxPUk5ScVpuMG5uNHhNQ1FlUTNIY0FKcDZUZEU1eVFybVVjY1hsWkRvVmEtN2ZZOFdnX3hWX2FMeGM0SzhFcUhBRGJyUVhHYXQ3MmpWLTVyN0NlZ0gwQThobVlQLXpfZHV2VHp4ekpSQmlGcUZNclpON0pBT1VhLWJFLV8tT2tBakFEdzQ1Y3ZYVkoxRG9VcG1uaFA3TS1INi1PM3UyMzFR?oc=5\" target=\"_blank\" rel=\"nofollow noopener\">17-\u00e5ring d\u00f6ms f\u00f6r mordet i g\u00e5ngtunneln i Geneta<\/a>&nbsp;&nbsp;SVT Nyheter<\/li>\n<li><a href=\"https:\/\/news.google.com\/rss\/articles\/CBMilwFBVV95cUxOeUtEQzhQWFZwNEdJUEl6MjBzU2JRa3lTb2MyRzRZeXNDQkdsTDJvdm1aNnZpdkg4WFVzWERWWTdqbmVuNlhxSjdSUllmcGk0b29TTGZsSTVuXzJEYzVNR05HeFhoYzAybHRfNFNQZXVxeFJPdXVucFpvNXd4TW9aVHdwNE1JTVAtN2RFRE5JSVExV1pHWW80?oc=5\" target=\"_blank\" rel=\"nofollow noopener\">17-\u00e5ring d\u00f6ms f\u00f6r mord i g\u00e5ngtunnel i S\u00f6dert\u00e4lje<\/a>&nbsp;&nbsp;Expressen<\/li>\n<li><a href=\"https:\/\/news.google.com\/rss\/articles\/CBMif0FVX3lxTE9YSHo3NWxhd2luelBHcjhBZUFzUTZ2R3dqNUs5TnJGV0ttR1hrT0tKWjNfMlB6WjlySWdBYmwxMVhubm5vbWtfRThMNHlzRFdNSEJfVUFrZnZpODAwbnl2aG04N2NudmJmUFRKR3lUeE1tOFNrMUpwMzByT25SeTQ?oc=5\" target=\"_blank\" rel=\"nofollow noopener\">Ton\u00e5ringar d\u00f6ms f\u00f6r d\u00f6dsskjutning i S\u00f6dert\u00e4lje<\/a>&nbsp;&nbsp;SvD<\/li>\n<\/ol>\n","protected":false},"excerpt":{"rendered":"Man lurades till sin d\u00f6d \u2013 ton\u00e5ringar d\u00f6ms&nbsp;&nbsp;V\u00e4sterbottens-Kuriren Lurades till g\u00e5ngtunnel och m\u00f6rdades \u2013 17-\u00e5ringar d\u00f6ms&nbsp;&nbsp;Aftonbladet 17-\u00e5ring d\u00f6ms&hellip;\n","protected":false},"author":2,"featured_media":80532,"comment_status":"","ping_status":"","sticky":false,"template":"","format":"standard","meta":{"footnotes":""},"categories":[12],"tags":[22,23,26,27,17,21,24,25,28,29,15,16,18,34,31,33,32,30,19,20],"class_list":{"0":"post-80531","1":"post","2":"type-post","3":"status-publish","4":"format-standard","5":"has-post-thumbnail","7":"category-sverige","8":"tag-breaking-news","9":"tag-breakingnews","10":"tag-featured-news","11":"tag-featurednews","12":"tag-headlines","13":"tag-huvudnyheter","14":"tag-latest-news","15":"tag-latestnews","16":"tag-main-news","17":"tag-mainnews","18":"tag-news","19":"tag-nyheter","20":"tag-rubriker","21":"tag-se","22":"tag-svenska","23":"tag-sverige","24":"tag-sweden","25":"tag-swedish","26":"tag-top-stories","27":"tag-topstories"},"share_on_mastodon":{"url":"https:\/\/pubeurope.com\/@se\/115547725168520487","error":""},"_links":{"self":[{"href":"https:\/\/www.europesays.com\/se\/wp-json\/wp\/v2\/posts\/80531","targetHints":{"allow":["GET"]}}],"collection":[{"href":"https:\/\/www.europesays.com\/se\/wp-json\/wp\/v2\/posts"}],"about":[{"href":"https:\/\/www.europesays.com\/se\/wp-json\/wp\/v2\/types\/post"}],"author":[{"embeddable":true,"href":"https:\/\/www.europesays.com\/se\/wp-json\/wp\/v2\/users\/2"}],"replies":[{"embeddable":true,"href":"https:\/\/www.europesays.com\/se\/wp-json\/wp\/v2\/comments?post=80531"}],"version-history":[{"count":0,"href":"https:\/\/www.europesays.com\/se\/wp-json\/wp\/v2\/posts\/80531\/revisions"}],"wp:featuredmedia":[{"embeddable":true,"href":"https:\/\/www.europesays.com\/se\/wp-json\/wp\/v2\/media\/80532"}],"wp:attachment":[{"href":"https:\/\/www.europesays.com\/se\/wp-json\/wp\/v2\/media?parent=80531"}],"wp:term":[{"taxonomy":"category","embeddable":true,"href":"https:\/\/www.europesays.com\/se\/wp-json\/wp\/v2\/categories?post=80531"},{"taxonomy":"post_tag","embeddable":true,"href":"https:\/\/www.europesays.com\/se\/wp-json\/wp\/v2\/tags?post=80531"}],"curies":[{"name":"wp","href":"https:\/\/api.w.org\/{rel}","templated":true}]}}