{"id":80533,"date":"2025-11-14T11:05:17","date_gmt":"2025-11-14T11:05:17","guid":{"rendered":"https:\/\/www.europesays.com\/se\/80533\/"},"modified":"2025-11-14T11:05:17","modified_gmt":"2025-11-14T11:05:17","slug":"tido-blev-kaotisk-realitysapa-pa-tre-dagar","status":"publish","type":"post","link":"https:\/\/www.europesays.com\/se\/80533\/","title":{"rendered":"Tid\u00f6 blev kaotisk realitys\u00e5pa p\u00e5 tre dagar"},"content":{"rendered":"<p>Kristdemokraternas ledare Ebba Buschs S-fl\u00f6rt lyfts p\u00e5 ledarsidorna i\u202fdag. <\/p>\n<p>Att Busch talat uppskattande om Magdalena Andersson och S i en intervju med SvD kan ses som ett klassiskt s\u00e4tt att f\u00f6rb\u00e4ttra KD:s f\u00f6rhandlingsposition, enligt Expressens ledarsida.<\/p>\n<p>\u201dGe mig mer, Tid\u00f6-v\u00e4nner, annars kanske jag byter sida.\u201d<\/p>\n<p>Men br\u00e5ket eskalerade, konstaterar ledarsidan. Moderata f\u00f6retr\u00e4dare rasade och Busch tycktes p\u00e5 riktigt bli irriterad \u00f6ver att bli tagen f\u00f6r given.<\/p>\n<p>\u201dTid\u00f6partierna gick fr\u00e5n samk\u00f6rd regering till kaotisk realitys\u00e5pa p\u00e5 tre dygn. Grattis, Magda!\u201d<\/p>\n<p>\u00c4ven Aftonbladets ledarskribent Jonna Sima skriver om Busch. Sima ser fl\u00f6rten med oppositionen som ett s\u00e4tt att locka kvinnor, inte en \u00f6ppning f\u00f6r en framtida S-regering.<\/p>\n<p>\u201dOm Tid\u00f6partierna ska bli omvalda m\u00e5ste de locka tiotusentals v\u00e4ljare \u2013 framf\u00f6r allt kvinnor \u2013 till h\u00f6gersidan.\u201d<\/p>\n<p>Omnis ledarsvep utg\u00e5r fr\u00e5n de st\u00f6rsta ledarsidorna i Sverige. Urvalet varierar dagligen. <\/p>\n<p>Omni \u00e4r politiskt obundna och oberoende. Vi str\u00e4var efter att ge fler perspektiv p\u00e5 nyheterna. Har du fr\u00e5gor eller synpunkter kring v\u00e5r rapportering? <a href=\"https:\/\/omni.se\/ledare-tido-blev-kaotisk-realitysapa-pa-tre-dagar\/a\/mailto:redaktion@omni.se\" class=\"ArticleActions_contactLink__W2F1M\" rel=\"nofollow noopener\" target=\"_blank\">Kontakta redaktionen<\/a><\/p>\n","protected":false},"excerpt":{"rendered":"Kristdemokraternas ledare Ebba Buschs S-fl\u00f6rt lyfts p\u00e5 ledarsidorna i\u202fdag. Att Busch talat uppskattande om Magdalena Andersson och S&hellip;\n","protected":false},"author":2,"featured_media":80534,"comment_status":"","ping_status":"","sticky":false,"template":"","format":"standard","meta":{"footnotes":""},"categories":[5],"tags":[22,23,1106,26,27,17,21,1107,24,25,2186,28,29,15,16,369,18,34,1557,31,33,32,30,19,20,3416],"class_list":{"0":"post-80533","1":"post","2":"type-post","3":"status-publish","4":"format-standard","5":"has-post-thumbnail","7":"category-rubriker","8":"tag-breaking-news","9":"tag-breakingnews","10":"tag-ebba-busch","11":"tag-featured-news","12":"tag-featurednews","13":"tag-headlines","14":"tag-huvudnyheter","15":"tag-kristdemokraterna","16":"tag-latest-news","17":"tag-latestnews","18":"tag-magdalena-andersson","19":"tag-main-news","20":"tag-mainnews","21":"tag-news","22":"tag-nyheter","23":"tag-politik","24":"tag-rubriker","25":"tag-se","26":"tag-socialdemokraterna","27":"tag-svenska","28":"tag-sverige","29":"tag-sweden","30":"tag-swedish","31":"tag-top-stories","32":"tag-topstories","33":"tag-valet-2026"},"share_on_mastodon":{"url":"https:\/\/pubeurope.com\/@se\/115547728962449416","error":""},"_links":{"self":[{"href":"https:\/\/www.europesays.com\/se\/wp-json\/wp\/v2\/posts\/80533","targetHints":{"allow":["GET"]}}],"collection":[{"href":"https:\/\/www.europesays.com\/se\/wp-json\/wp\/v2\/posts"}],"about":[{"href":"https:\/\/www.europesays.com\/se\/wp-json\/wp\/v2\/types\/post"}],"author":[{"embeddable":true,"href":"https:\/\/www.europesays.com\/se\/wp-json\/wp\/v2\/users\/2"}],"replies":[{"embeddable":true,"href":"https:\/\/www.europesays.com\/se\/wp-json\/wp\/v2\/comments?post=80533"}],"version-history":[{"count":0,"href":"https:\/\/www.europesays.com\/se\/wp-json\/wp\/v2\/posts\/80533\/revisions"}],"wp:featuredmedia":[{"embeddable":true,"href":"https:\/\/www.europesays.com\/se\/wp-json\/wp\/v2\/media\/80534"}],"wp:attachment":[{"href":"https:\/\/www.europesays.com\/se\/wp-json\/wp\/v2\/media?parent=80533"}],"wp:term":[{"taxonomy":"category","embeddable":true,"href":"https:\/\/www.europesays.com\/se\/wp-json\/wp\/v2\/categories?post=80533"},{"taxonomy":"post_tag","embeddable":true,"href":"https:\/\/www.europesays.com\/se\/wp-json\/wp\/v2\/tags?post=80533"}],"curies":[{"name":"wp","href":"https:\/\/api.w.org\/{rel}","templated":true}]}}