{"id":80538,"date":"2025-11-14T11:12:18","date_gmt":"2025-11-14T11:12:18","guid":{"rendered":"https:\/\/www.europesays.com\/se\/80538\/"},"modified":"2025-11-14T11:12:18","modified_gmt":"2025-11-14T11:12:18","slug":"person-saknas-efter-bat-sjonk-pa-malaren","status":"publish","type":"post","link":"https:\/\/www.europesays.com\/se\/80538\/","title":{"rendered":"Person saknas efter b\u00e5t sj\u00f6nk p\u00e5 M\u00e4laren"},"content":{"rendered":"<p><img decoding=\"async\" class=\"Image Image_\" src=\"\" data-aghref=\"http:\/\/www.mitti.se\/image-3.205740.264383.20251114072242.4fa5b97f67\" data-agimagetype=\"hardcrop\" alt=\"En kvinna f\u00f6rdes till sjukhus och en person \u00e4r fortsatt f\u00f6rsvunnen efter g\u00e5rdagens sj\u00f6r\u00e4ddning utanf\u00f6r Eker\u00f6.\u00a0\u00a0\"\/><\/p>\n<p class=\"Caption\">En kvinna f\u00f6rdes till sjukhus och en person \u00e4r fortsatt f\u00f6rsvunnen efter g\u00e5rdagens sj\u00f6r\u00e4ddning utanf\u00f6r Eker\u00f6.\u00a0\u00a0<\/p>\n<p class=\"Source\">Mostphotos<\/p>\n<p>Den sj\u00f6r\u00e4ddningsinsats som p\u00e5gick i g\u00e5r eftermiddag avslutades vid 20-tiden p\u00e5 kv\u00e4llen. En kvinna f\u00f6rdes till sjukhus och en person \u00e4r fortsatt f\u00f6rsvunnen. Det finns ingen misstanke om brott.<\/p>\n<p class=\"text\">Det var en fiskare som v\u00e4ster om Eker\u00f6 observerade n\u00e5got i M\u00e4larens vatten vid klockan 15 p\u00e5 torsdagen. Det visade sig vara en b\u00e5t, mellan fem och sju meter, som sjunkit. <\/p>\n<p class=\"text\">\u2013 Bara en liten del av f\u00f6ren stack upp och i n\u00e4rheten uppt\u00e4cker fiskaren en kvinna, s\u00e4ger Bj\u00f6rn Alverfeldt, presstalesperson p\u00e5 Sj\u00f6fartsverket, till Mitt i.<\/p>\n<p>\u00c5tta fartyg och tre helikoptrar<\/p>\n<p class=\"text\">Eftersom det fanns sk\u00e4l att misst\u00e4nka att det funnits tv\u00e5 personer i b\u00e5ten s\u00e5 drog en stor r\u00e4ddningsinsats ig\u00e5ng med \u00e5tta fartyg och tre helikoptrar. <\/p>\n<p class=\"text\">Klockan 18.40 avslutades dock r\u00e4ddningsinsatsen och polisen tog \u00f6ver. <\/p>\n<p class=\"text\">\u2013 Den andra personen som funnits p\u00e5 b\u00e5ten hittade vi inte, s\u00e4ger J\u00f6rgen Hansson som var bitr\u00e4dande r\u00e4ddningsledare i insatsen. <\/p>\n<p class=\"text\">Polisen har nu uppr\u00e4ttat en anm\u00e4lan om en f\u00f6rsvunnen person. <\/p>\n<p class=\"text\">\u2013 Det finns ingen misstanke om brott, s\u00e4ger Susanna Rinaldo, presstalesperson p\u00e5 polisen. <\/p>\n","protected":false},"excerpt":{"rendered":"En kvinna f\u00f6rdes till sjukhus och en person \u00e4r fortsatt f\u00f6rsvunnen efter g\u00e5rdagens sj\u00f6r\u00e4ddning utanf\u00f6r Eker\u00f6.\u00a0\u00a0 Mostphotos Den&hellip;\n","protected":false},"author":2,"featured_media":80539,"comment_status":"","ping_status":"","sticky":false,"template":"","format":"standard","meta":{"footnotes":""},"categories":[12],"tags":[22,23,26,27,17,21,24,25,28,29,15,16,18,34,31,33,32,30,19,20],"class_list":{"0":"post-80538","1":"post","2":"type-post","3":"status-publish","4":"format-standard","5":"has-post-thumbnail","7":"category-sverige","8":"tag-breaking-news","9":"tag-breakingnews","10":"tag-featured-news","11":"tag-featurednews","12":"tag-headlines","13":"tag-huvudnyheter","14":"tag-latest-news","15":"tag-latestnews","16":"tag-main-news","17":"tag-mainnews","18":"tag-news","19":"tag-nyheter","20":"tag-rubriker","21":"tag-se","22":"tag-svenska","23":"tag-sverige","24":"tag-sweden","25":"tag-swedish","26":"tag-top-stories","27":"tag-topstories"},"share_on_mastodon":{"url":"https:\/\/pubeurope.com\/@se\/115547756616330493","error":""},"_links":{"self":[{"href":"https:\/\/www.europesays.com\/se\/wp-json\/wp\/v2\/posts\/80538","targetHints":{"allow":["GET"]}}],"collection":[{"href":"https:\/\/www.europesays.com\/se\/wp-json\/wp\/v2\/posts"}],"about":[{"href":"https:\/\/www.europesays.com\/se\/wp-json\/wp\/v2\/types\/post"}],"author":[{"embeddable":true,"href":"https:\/\/www.europesays.com\/se\/wp-json\/wp\/v2\/users\/2"}],"replies":[{"embeddable":true,"href":"https:\/\/www.europesays.com\/se\/wp-json\/wp\/v2\/comments?post=80538"}],"version-history":[{"count":0,"href":"https:\/\/www.europesays.com\/se\/wp-json\/wp\/v2\/posts\/80538\/revisions"}],"wp:featuredmedia":[{"embeddable":true,"href":"https:\/\/www.europesays.com\/se\/wp-json\/wp\/v2\/media\/80539"}],"wp:attachment":[{"href":"https:\/\/www.europesays.com\/se\/wp-json\/wp\/v2\/media?parent=80538"}],"wp:term":[{"taxonomy":"category","embeddable":true,"href":"https:\/\/www.europesays.com\/se\/wp-json\/wp\/v2\/categories?post=80538"},{"taxonomy":"post_tag","embeddable":true,"href":"https:\/\/www.europesays.com\/se\/wp-json\/wp\/v2\/tags?post=80538"}],"curies":[{"name":"wp","href":"https:\/\/api.w.org\/{rel}","templated":true}]}}