{"id":80540,"date":"2025-11-14T11:13:07","date_gmt":"2025-11-14T11:13:07","guid":{"rendered":"https:\/\/www.europesays.com\/se\/80540\/"},"modified":"2025-11-14T11:13:07","modified_gmt":"2025-11-14T11:13:07","slug":"lokala-insatser-i-vasterbotten-mot-vald-i-nara-relation","status":"publish","type":"post","link":"https:\/\/www.europesays.com\/se\/80540\/","title":{"rendered":"Lokala insatser i V\u00e4sterbotten mot v\u00e5ld i n\u00e4ra relation"},"content":{"rendered":"<p class=\"preamble\">&#13;<br \/>\n            Vecka 47 infaller Orange Week, FN:s internationella vecka f\u00f6r att uppm\u00e4rksamma och manifestera mot v\u00e5ld mot kvinnor. P\u00e5 flera orter i V\u00e4sterbotten deltar polisen i olika insatser mot v\u00e5ld i n\u00e4ra relationer.&#13;\n        <\/p>\n<p>V\u00e5ld i n\u00e4ra relationer \u00e4r ett allvarligt och utbrett samh\u00e4llsproblem. Det r\u00f6r sig om grova brott. Samtidigt s\u00e5 sker det h\u00e4r v\u00e5ldet ofta i det dolda, inom hemmets v\u00e4ggar.<\/p>\n<p>I V\u00e4sterbottens l\u00e4n anm\u00e4ldes mellan oktober f\u00f6rra \u00e5ret och september i \u00e5r drygt 470 brott mot personer \u00f6ver 18 \u00e5r d\u00e4r den misst\u00e4nkte har en n\u00e4ra relation till den utsatte (parrelation eller familj\/sl\u00e4kt). Det handlar om bland annat om misshandel, olaga hot, ofredande men \u00e4ven bland annat grov fridskr\u00e4nkning och sexualbrott. F\u00f6r 133 av de anm\u00e4lda brotten \u00e4r m\u00e5ls\u00e4gande \u00f6ver 60 \u00e5r, vilket visar att v\u00e5ld i n\u00e4ra relation inte avtar med stigande \u00e5lder.<\/p>\n<p>M\u00f6rkertalen f\u00f6r brott i n\u00e4ra relation tros fortsatt vara mycket stort, n\u00e4rmare 97 procent. Den h\u00e4r brottsligheten kan inte f\u00e5 forts\u00e4tta att vara dold. V\u00e5ld \u00e4r inte en privatsak.<\/p>\n<p>\u2013 Under veckan genomf\u00f6r polisen tillsammans med andra samh\u00e4llsakt\u00f6rer olika insatser runt om i l\u00e4net f\u00f6r att stoppa v\u00e5ld i n\u00e4ra relation. Vi vill \u00f6ka synligheten f\u00f6r v\u00e5ld i n\u00e4ra relationer. Fler m\u00e5ste prata om det h\u00e4r v\u00e5ldet och fler m\u00e5ste v\u00e5ga tipsa och anm\u00e4la, s\u00e4ger Ewa \u00d6berg \u00d6str\u00f6m, kommunpolis i lokalpolisomr\u00e5de Skellefte\u00e5.<\/p>\n<p>\u2013 Kvinnor och flickor \u00e4r mest utsatta f\u00f6r v\u00e5ld i n\u00e4ra relationer, men \u00e4ven m\u00e4n uts\u00e4tts. V\u00e5ldet finns i hela samh\u00e4llet, i stad och landsbygd, hos ung och gammal, i alla samh\u00e4llsklasser. Det \u00e4r allas angel\u00e4genhet att s\u00e4tta stopp f\u00f6r v\u00e5ldet, s\u00e4ger Isabell R\u00f6nnmark, kommunpolis i lokalpolisomr\u00e5de s\u00f6dra Lappland.<\/p>\n<p>\u2013 \u00d6kad medvetenhet och kunskap \u00e4r viktigt f\u00f6r att stoppa v\u00e5ldet. Vecka 47 genomf\u00f6r vi bland annat d\u00f6rrknackningar p\u00e5 olika orter i l\u00e4net f\u00f6r att informera om tecken p\u00e5 v\u00e5ld och hur man kan agera om man sj\u00e4lv \u00e4r utsatt eller n\u00e4r man misst\u00e4nker att n\u00e5gon annan uts\u00e4tts f\u00f6r v\u00e5ld eller hot av en n\u00e4rst\u00e5ende person. P\u00e5 flera orter f\u00f6ljer socialtj\u00e4nsten med ut och knackar d\u00f6rr, s\u00e4ger Maud Brodin Hansson, kommunpolis i lokalpolisomr\u00e5de Ume\u00e5.<\/p>\n<p>Polisen agerar mot allt v\u00e5ld som kommer till myndighetens k\u00e4nnedom och brott i n\u00e4ra relation bed\u00f6ms som allvarlig och grov brottslighet.<\/p>\n<p>    Polisens arbete under Orange Week 2025 \u2013 ett urval av aktiviteter i V\u00e4sterbotten<\/p>\n<ul>\n<li><b>Dorotea<\/b><br \/>Tisdag den 18 november genomf\u00f6rs en utbildning om v\u00e5ld f\u00f6r medarbetare p\u00e5 Strandenskolan med den lokala v\u00e5ldpreventionsgruppen (polis och kommun). Klockan 17:00\u201319:00 sker en f\u00f6reningstr\u00e4ff om v\u00e5ld mot barn och unga p\u00e5 MB med polisen, Dorotea kommun och Centrum mot v\u00e5ld (CMV). Klockan 19:00\u201320:00 knackar polisen d\u00f6rr och informerar om v\u00e5ld i n\u00e4ra relation tillsammans med Dorotea kommun och Centrum mot v\u00e5ld (CMV).<\/li>\n<li><b>Lycksele<br \/><\/b>Tisdag den 25 november, Orange Day, sker en ljusmanifestation i centrum fr\u00e5n klockan 17:00. Polisen, kvinnojouren och Lycksele kommun finns p\u00e5 plats och delar ut informationsmaterial om v\u00e5ld i n\u00e4ra relation.<\/li>\n<li><b>Robertsfors<br \/><\/b>Tisdag den 18 november klockan 17:30\u201319:30 knackar polisen d\u00f6rr och informerar om v\u00e5ld i n\u00e4ra relation tillsammans med socialtj\u00e4nsten i Robertsfors kommun.<\/li>\n<li><b>Sorsele<\/b><br \/>M\u00e5ndag den 17 november klockan 17:00\u201319:00 knackar polisen d\u00f6rr och informerar om v\u00e5ld i n\u00e4ra relation tillsammans med socialtj\u00e4nst, politiker med flera fr\u00e5n Sorsele kommun.<br \/>Tisdag den 25 november, Orange Day, sker en forts\u00e4ttning och f\u00f6rst\u00e4rkning av d\u00f6rrknackningskampanjen d\u00e4r Sorsele kommun tillsammans med ungdomar i \u00e5rskurs 7\u20139 skapar en aktivitet i centrala Sorsele f\u00f6r att uppm\u00e4rksamma Orange Day och fr\u00e4mja ett aktivt st\u00e4llningstagande mot alla former av v\u00e5ld och f\u00f6rtryck. Polisen deltar i arrangemanget som inleds vid klockan 16:00.<\/li>\n<li><b>Skellefte\u00e5<br \/><\/b>Polisen bes\u00f6ker under veckan \u00e5rskurs 1 p\u00e5 gymnasiet och \u00e5rskurs 8 i grundskolan f\u00f6r prata om v\u00e5ld i ungas relationer. Informationsmaterial om v\u00e5ld i ungas relationer kommer \u00e4ven att skickas ut till grundskolor, gymnasieskolor samt spridas p\u00e5 h\u00e4lsocentralerna.<br \/>M\u00e5ndag den 17 november delar polisen ut informationsmaterial p\u00e5 Saraplatsen i centrum. Polisen kommer \u00e4ven att finnas i CK tillsammans med Skellefte\u00e5 kommun.<br \/>Under november syns information om v\u00e5ld i n\u00e4ra relation p\u00e5 bussar fr\u00e5n Skellefte\u00e5 Buss.<\/li>\n<li><b>Ume\u00e5<\/b><br \/>Torsdag 20 november klockan 18:00-20:00 knackar polisen d\u00f6rr och informerar om v\u00e5ld i n\u00e4ra relation tillsammans med socialtj\u00e4nsten Ume\u00e5 kommun.<\/li>\n<li><b>Vindeln<br \/><\/b>Tisdag den 18 november klockan 17:30\u201319:30 knackar polisen d\u00f6rr och informerar om v\u00e5ld i n\u00e4ra relation tillsammans med socialtj\u00e4nsten i Vindelns kommun.<\/li>\n<li><b>V\u00e4nn\u00e4s<br \/><\/b>Tisdag den 18 november klockan 17:30\u201319:30 knackar polisen d\u00f6rr och informerar om v\u00e5ld i n\u00e4ra relation tillsammans med socialtj\u00e4nsten i V\u00e4nn\u00e4s kommun.\u00a0<\/li>\n<\/ul>\n<p>Ut\u00f6ver ovanst\u00e5ende aktiviteter kommer informationsmaterial om v\u00e5ld i n\u00e4ra relationer att delas ut vid till exempel trafikkontroller och i polisens receptioner.<\/p>\n<p>                <strong>&#13;<br \/>\n                    Nyhet fr\u00e5n&#13;<br \/>\n                <\/strong><\/p>\n<p>&#13;<br \/>\n                    Polisomr\u00e5de V\u00e4sterbotten&#13;\n                <\/p>\n<p>&#13;<br \/>\n                    <strong>&#13;<br \/>\n                        Publicerad&#13;<br \/>\n                    <\/strong>&#13;<br \/>\n                    &#13;<br \/>\n                        14 november 2025 12.02&#13;<br \/>\n                    &#13;<br \/>\n                    <br \/>&#13;\n            <\/p>\n<p>        &#13;<br \/>\n    &#13;<br \/>\n    &#13;<\/p>\n","protected":false},"excerpt":{"rendered":"&#13; Vecka 47 infaller Orange Week, FN:s internationella vecka f\u00f6r att uppm\u00e4rksamma och manifestera mot v\u00e5ld mot kvinnor.&hellip;\n","protected":false},"author":2,"featured_media":54,"comment_status":"","ping_status":"","sticky":false,"template":"","format":"standard","meta":{"footnotes":""},"categories":[5],"tags":[22,23,26,27,17,21,24,25,28,29,15,16,18,34,31,33,32,30,19,20],"class_list":{"0":"post-80540","1":"post","2":"type-post","3":"status-publish","4":"format-standard","5":"has-post-thumbnail","7":"category-rubriker","8":"tag-breaking-news","9":"tag-breakingnews","10":"tag-featured-news","11":"tag-featurednews","12":"tag-headlines","13":"tag-huvudnyheter","14":"tag-latest-news","15":"tag-latestnews","16":"tag-main-news","17":"tag-mainnews","18":"tag-news","19":"tag-nyheter","20":"tag-rubriker","21":"tag-se","22":"tag-svenska","23":"tag-sverige","24":"tag-sweden","25":"tag-swedish","26":"tag-top-stories","27":"tag-topstories"},"share_on_mastodon":{"url":"https:\/\/pubeurope.com\/@se\/115547760430323042","error":""},"_links":{"self":[{"href":"https:\/\/www.europesays.com\/se\/wp-json\/wp\/v2\/posts\/80540","targetHints":{"allow":["GET"]}}],"collection":[{"href":"https:\/\/www.europesays.com\/se\/wp-json\/wp\/v2\/posts"}],"about":[{"href":"https:\/\/www.europesays.com\/se\/wp-json\/wp\/v2\/types\/post"}],"author":[{"embeddable":true,"href":"https:\/\/www.europesays.com\/se\/wp-json\/wp\/v2\/users\/2"}],"replies":[{"embeddable":true,"href":"https:\/\/www.europesays.com\/se\/wp-json\/wp\/v2\/comments?post=80540"}],"version-history":[{"count":0,"href":"https:\/\/www.europesays.com\/se\/wp-json\/wp\/v2\/posts\/80540\/revisions"}],"wp:featuredmedia":[{"embeddable":true,"href":"https:\/\/www.europesays.com\/se\/wp-json\/wp\/v2\/media\/54"}],"wp:attachment":[{"href":"https:\/\/www.europesays.com\/se\/wp-json\/wp\/v2\/media?parent=80540"}],"wp:term":[{"taxonomy":"category","embeddable":true,"href":"https:\/\/www.europesays.com\/se\/wp-json\/wp\/v2\/categories?post=80540"},{"taxonomy":"post_tag","embeddable":true,"href":"https:\/\/www.europesays.com\/se\/wp-json\/wp\/v2\/tags?post=80540"}],"curies":[{"name":"wp","href":"https:\/\/api.w.org\/{rel}","templated":true}]}}