{"id":80541,"date":"2025-11-14T11:15:08","date_gmt":"2025-11-14T11:15:08","guid":{"rendered":"https:\/\/www.europesays.com\/se\/80541\/"},"modified":"2025-11-14T11:15:08","modified_gmt":"2025-11-14T11:15:08","slug":"therese-johaug-vill-forbjuda-bantningsmedel-i-idrotten","status":"publish","type":"post","link":"https:\/\/www.europesays.com\/se\/80541\/","title":{"rendered":"Therese Johaug vill f\u00f6rbjuda bantningsmedel i idrotten"},"content":{"rendered":"<p>Det borde vara f\u00f6rbjudet f\u00f6r idrottare att anv\u00e4nda bantningsmedel som Ozempic f\u00f6r att f\u00f6rb\u00e4ttra sina prestationer, anser den norska skidstj\u00e4rnan Therese Johaug.<\/p>\n<p>I podden \u201dGukild &amp; Johaug\u201d kommenterar hon nyheten om att antidopningsbyr\u00e5n Wada noterat att flera idrottare anv\u00e4nde bantningsmedel under OS f\u00f6rra \u00e5ret.<\/p>\n<p>\u2013 Ska det vara till\u00e5tet och \u00e4r det etiskt r\u00e4tt att anv\u00e4nda en bantningsmedicin f\u00f6r att prestera i idrotten? Vilka signaler ger det till yngre aktiva som har dem som f\u00f6rebilder? fr\u00e5gar sig Johaug. <\/p>\n<p>Omni \u00e4r politiskt obundna och oberoende. Vi str\u00e4var efter att ge fler perspektiv p\u00e5 nyheterna. Har du fr\u00e5gor eller synpunkter kring v\u00e5r rapportering? <a href=\"https:\/\/omni.se\/therese-johaug-vill-forbjuda-bantningsmedel-i-idrotten\/a\/mailto:redaktion@omni.se\" class=\"ArticleActions_contactLink__W2F1M\" rel=\"nofollow noopener\" target=\"_blank\">Kontakta redaktionen<\/a><\/p>\n","protected":false},"excerpt":{"rendered":"Det borde vara f\u00f6rbjudet f\u00f6r idrottare att anv\u00e4nda bantningsmedel som Ozempic f\u00f6r att f\u00f6rb\u00e4ttra sina prestationer, anser den&hellip;\n","protected":false},"author":2,"featured_media":80542,"comment_status":"","ping_status":"","sticky":false,"template":"","format":"standard","meta":{"footnotes":""},"categories":[68],"tags":[3237,34,111,110,31,33,32,30,7066],"class_list":{"0":"post-80541","1":"post","2":"type-post","3":"status-publish","4":"format-standard","5":"has-post-thumbnail","7":"category-sport","8":"tag-langdskidor","9":"tag-se","10":"tag-sport","11":"tag-sports","12":"tag-svenska","13":"tag-sverige","14":"tag-sweden","15":"tag-swedish","16":"tag-therese-johaug"},"share_on_mastodon":{"url":"https:\/\/pubeurope.com\/@se\/115547768506803394","error":""},"_links":{"self":[{"href":"https:\/\/www.europesays.com\/se\/wp-json\/wp\/v2\/posts\/80541","targetHints":{"allow":["GET"]}}],"collection":[{"href":"https:\/\/www.europesays.com\/se\/wp-json\/wp\/v2\/posts"}],"about":[{"href":"https:\/\/www.europesays.com\/se\/wp-json\/wp\/v2\/types\/post"}],"author":[{"embeddable":true,"href":"https:\/\/www.europesays.com\/se\/wp-json\/wp\/v2\/users\/2"}],"replies":[{"embeddable":true,"href":"https:\/\/www.europesays.com\/se\/wp-json\/wp\/v2\/comments?post=80541"}],"version-history":[{"count":0,"href":"https:\/\/www.europesays.com\/se\/wp-json\/wp\/v2\/posts\/80541\/revisions"}],"wp:featuredmedia":[{"embeddable":true,"href":"https:\/\/www.europesays.com\/se\/wp-json\/wp\/v2\/media\/80542"}],"wp:attachment":[{"href":"https:\/\/www.europesays.com\/se\/wp-json\/wp\/v2\/media?parent=80541"}],"wp:term":[{"taxonomy":"category","embeddable":true,"href":"https:\/\/www.europesays.com\/se\/wp-json\/wp\/v2\/categories?post=80541"},{"taxonomy":"post_tag","embeddable":true,"href":"https:\/\/www.europesays.com\/se\/wp-json\/wp\/v2\/tags?post=80541"}],"curies":[{"name":"wp","href":"https:\/\/api.w.org\/{rel}","templated":true}]}}