{"id":80549,"date":"2025-11-14T11:20:53","date_gmt":"2025-11-14T11:20:53","guid":{"rendered":"https:\/\/www.europesays.com\/se\/80549\/"},"modified":"2025-11-14T11:20:53","modified_gmt":"2025-11-14T11:20:53","slug":"blodiga-slagsmal-pa-saltvik-intagna-slass-med-stekpannor","status":"publish","type":"post","link":"https:\/\/www.europesays.com\/se\/80549\/","title":{"rendered":"Blodiga slagsm\u00e5l p\u00e5 Saltvik \u2013 intagna sl\u00e5ss med stekpannor"},"content":{"rendered":"<p>Publicerad 13 nov 2025 kl 20.49Uppdaterad 14 nov kl 04.16<\/p>\n<p>Intagna som sl\u00e5r varandra med stekpannor och ger sig p\u00e5 personalen.<\/p>\n<p>Kriminalv\u00e5rdare p\u00e5 Saltvik larmar om ett eskalerande v\u00e5ld p\u00e5 anstalten.\u00a0<\/p>\n<p>\u2013 De har f\u00f6rs\u00f6kt m\u00f6rda varandra, s\u00e4ger en anst\u00e4lld.\u00a0<\/p>\n<p>Nyheter, reportage och analyser i Sverige och i \u00f6vriga v\u00e4rlden.<img   alt=\"\"\/><\/p>\n<p>P\u00e5 kort tid har tv\u00e5 v\u00e5ldsincidenter skett p\u00e5 anstalten Saltvik utanf\u00f6r H\u00e4rn\u00f6sand.<\/p>\n<p>Foto: LEIF R JANSSON \/ TT NYHETSBYR\u00c5N<\/p>\n<p>\u00d6ppna bild i helsk\u00e4rmArtikeln i korthet <\/p>\n<p> V\u00e5ldet \u00f6kar p\u00e5 Saltviks h\u00f6griskf\u00e4ngelse \u2013 personalen larmar om v\u00e5ld bland de intagna och attacker med stekpannor.<\/p>\n<p> Kriminalv\u00e5rdare och fack kritiserar ledningen f\u00f6r bristande \u00e5tg\u00e4rder och oroas \u00f6ver arbetsmilj\u00f6n.<\/p>\n<p> Dubbelbel\u00e4ggning och \u00f6kat antal intagna pekas ut som orsak till problemen.<\/p>\n<p> Saltvik svarar att de ser allvarligt p\u00e5 hot och v\u00e5ld och arbetar med att f\u00f6rebygga det.\u00a0<\/p>\n<p>Visa mer<\/p>\n<p>Kriminalv\u00e5rdare p\u00e5 h\u00f6griskf\u00e4ngelset <a href=\"https:\/\/www.expressen.se\/tagg\/location\/saltvik\/\" class=\"\" rel=\"nofollow noopener\" target=\"_blank\">Saltvik<\/a> utanf\u00f6r H\u00e4rn\u00f6sand vittnar om att v\u00e5ldet \u00f6kar bland de intagna och att ledningen nonchalerar problemen.<\/p>\n<p>Problemen r\u00f6r hus fem, d\u00e4r omkring 100 intagna sitter och drygt 30 kriminalv\u00e5rdare arbetar.<\/p>\n<p>En kriminalv\u00e5rdare beskriver situationen som den v\u00e4rsta hen har varit med om p\u00e5 Saltvik.<\/p>\n<p>\u2013 Det \u00e4r extremt. Jag har aldrig varit med om tv\u00e5 s\u00e5 grova v\u00e5ldsincidenter s\u00e5 t\u00e4tt inp\u00e5 varandra, s\u00e4ger personen.<\/p>\n<p>Slogs med stekpannor<\/p>\n<p>Den senaste incidenten skedde i fredags n\u00e4r ett tiotal intagna befann sig i det allm\u00e4nna utrymmet. Efter en aktivitet b\u00f6rjade de br\u00e5ka n\u00e4r personalen l\u00e4mnade rummet, ber\u00e4ttar anst\u00e4llda.<\/p>\n<p>Enligt en annan kriminalv\u00e5rdare gav de sig s\u00e4rskilt p\u00e5 tv\u00e5 personer och slogs med stekpannor.<\/p>\n<p>\u2013 Det var blod p\u00e5 golv, v\u00e4ggar och soffor. De kastade stolar och flaskor p\u00e5 oss n\u00e4r vi f\u00f6rs\u00f6kte ingripa. Det var ett fruktansv\u00e4rt v\u00e5ld. Vi var inte tillr\u00e4ckligt m\u00e5nga f\u00f6r att g\u00e5 in utan fick v\u00e4nta p\u00e5 f\u00f6rst\u00e4rkning. De stod och skrattade \u00e5t oss och gick sen och plundrade andra intagnas rum, s\u00e4ger personen.<\/p>\n<p>En person f\u00f6rdes till sjukhus, ber\u00e4ttar kriminalv\u00e5rdaren.<\/p>\n<p>H\u00e4ndelsen har polisanm\u00e4lts som grov misshandel, enligt polisen.\u00a0<\/p>\n<p>Den 23 oktober p\u00e5 kv\u00e4llen intr\u00e4ffade en liknande incident. D\u00e5 skadades tv\u00e5 personer i personalen lindrigt n\u00e4r intagna kastade saker, enligt uppgifter.<\/p>\n<p>Dagen efter kom fem anm\u00e4lningar in till polisen, en g\u00e4llande v\u00e5ld mot tj\u00e4nsteman, tv\u00e5 f\u00f6r f\u00f6rs\u00f6k till v\u00e5ld mot tj\u00e4nsteman och tv\u00e5 f\u00f6r misshandel.\u00a0<\/p>\n<p>Saltvik <\/p>\n<p>\u25a0 Saltvik ligger utanf\u00f6r H\u00e4rn\u00f6sand och \u00e4r en anstalt i s\u00e4kerhetsklass ett. Det inneb\u00e4r att de farligaste brottslingarna sitter d\u00e4r.\u00a0<\/p>\n<p>\u25a0 Anstalten har 141 ordinarie platser, men \u00e4r i dag dubbelbelagd. Just nu delar f\u00e5ngarna rum tv\u00e5 och tv\u00e5, och anstalten har dubbelt s\u00e5 m\u00e5nga intagna som platser.<\/p>\n<p>\u25a0 F\u00e4ngelset har omfattande \u00f6vervakning samt h\u00f6ga murar och st\u00e4ngsel.<\/p>\n<p>Visa merFacket: \u201dJ\u00e4tteallvarligt\u201d<\/p>\n<p>Enligt anst\u00e4llda tar inte ledningen h\u00e4ndelserna p\u00e5 allvar och f\u00f6rs\u00f6ker l\u00e4gga locket p\u00e5.<\/p>\n<p>\u2013 Det h\u00e4r \u00e4r en fruktansv\u00e4rd h\u00e4ndelse att vara med om. Vissa vill prata om s\u00e5nt p\u00e5 jobbet f\u00f6r att bearbeta det, men vi f\u00e5r h\u00f6ra att vi inte ska g\u00f6ra det, f\u00f6r d\u00e5 sprider vi negativ st\u00e4mning, s\u00e4ger en anst\u00e4lld.<\/p>\n<p>Facket k\u00e4nner till h\u00e4ndelserna och kommer nu att prata med arbetsgivaren.<\/p>\n<p>\u2013 Personalen \u00e4r djupt oroad och k\u00e4nner sig otrygg. Som vi f\u00f6rst\u00e5r det tar inte ledningen det h\u00e4r p\u00e5 allvar, s\u00e4ger Peter Hemstr\u00f6m, ordf\u00f6rande f\u00f6r Seko p\u00e5 anstalten.<\/p>\n<p>B\u00e5de fack och anst\u00e4llda menar att v\u00e5ldet beror p\u00e5 dubbelbel\u00e4ggningen.<\/p>\n<p>Annons<\/p>\n<p>\u2013 Det h\u00e4r \u00e4r ett j\u00e4tteallvarligt arbetsmilj\u00f6problem. Vi mots\u00e4tter oss all form av \u00f6ver- och dubbelbel\u00e4ggning i det h\u00e4r l\u00e4get. Det \u00e4r v\u00e4ldigt farligt n\u00e4r det blir s\u00e5 h\u00e4r massivt. \u00c4ven klienterna m\u00e5ste kunna k\u00e4nna sig trygga, s\u00e4ger Peter Hemstr\u00f6m.<\/p>\n<p>\u2013 Klart det blir krockar. Det \u00e4r olika g\u00e4ng, v\u00e4rderingar och religioner. De \u00e4r helt enkelt f\u00f6r m\u00e5nga och vi \u00e4r f\u00f6r f\u00e5, s\u00e4ger en kriminalv\u00e5rdare.<\/p>\n<p>Saltvik: K\u00e4nner till h\u00e4ndelserna<\/p>\n<p>Ledningen p\u00e5 Saltvik k\u00e4nner till h\u00e4ndelserna och s\u00e4ger att de vidtagit \u00e5tg\u00e4rder.\u00a0<\/p>\n<p>\u201dVi har haft ett par ordningsst\u00f6rande incidenter som liknar de du beskriver. Vi ser allvarligt p\u00e5 allt hot och v\u00e5ld. Vi jobbar hela tiden med att f\u00f6rebygga hot och v\u00e5ld\u201d, skriver anstaltschefen Jenny Burvall i ett mejl.<\/p>\n<p>S\u00e5 svarar Saltvik <\/p>\n<p>G\u00e4llande kritiken mot ledningen svarar Saltviks chef s\u00e5 h\u00e4r:\u00a0<\/p>\n<p>\u201dVi har vidtagit m\u00e5nga \u00e5tg\u00e4rder b\u00e5de nyligen och \u00f6ver tid p\u00e5 normalavdelningarna, st\u00e4rkt upp med extra och insatser i konflikthantering. Det \u00e4r ett led i att \u00f6ka tryggheten i personalgruppen, f\u00f6rb\u00e4ttra arbetsmilj\u00f6n, \u00f6ka personaln\u00e4rvaron bland de intagna och motverka hot och v\u00e5ld. Detta g\u00f6rs i n\u00e4ra samarbete med skyddsorganisationen och facken. Jag har inte f\u00e5tt n\u00e5gra indikationer fr\u00e5n dem att man inte anser att vi g\u00f6r tillr\u00e4ckligt.\u201d, skriver anstaltschefen Jenny Burvall.\u00a0<\/p>\n<p>Visa mer<\/p>\n","protected":false},"excerpt":{"rendered":"Publicerad 13 nov 2025 kl 20.49Uppdaterad 14 nov kl 04.16 Intagna som sl\u00e5r varandra med stekpannor och ger&hellip;\n","protected":false},"author":2,"featured_media":80550,"comment_status":"","ping_status":"","sticky":false,"template":"","format":"standard","meta":{"footnotes":""},"categories":[12],"tags":[22,23,26,27,17,21,24,25,7067,28,29,15,16,18,34,154,31,33,32,30,19,1153,1496,20],"class_list":{"0":"post-80549","1":"post","2":"type-post","3":"status-publish","4":"format-standard","5":"has-post-thumbnail","7":"category-sverige","8":"tag-breaking-news","9":"tag-breakingnews","10":"tag-featured-news","11":"tag-featurednews","12":"tag-headlines","13":"tag-huvudnyheter","14":"tag-latest-news","15":"tag-latestnews","16":"tag-location-saltvik","17":"tag-main-news","18":"tag-mainnews","19":"tag-news","20":"tag-nyheter","21":"tag-rubriker","22":"tag-se","23":"tag-sections-sverige","24":"tag-svenska","25":"tag-sverige","26":"tag-sweden","27":"tag-swedish","28":"tag-top-stories","29":"tag-topic-kriminalvard-fangelse","30":"tag-topic-misshandel-overfall","31":"tag-topstories"},"share_on_mastodon":{"url":"https:\/\/pubeurope.com\/@se\/115547791970506050","error":""},"_links":{"self":[{"href":"https:\/\/www.europesays.com\/se\/wp-json\/wp\/v2\/posts\/80549","targetHints":{"allow":["GET"]}}],"collection":[{"href":"https:\/\/www.europesays.com\/se\/wp-json\/wp\/v2\/posts"}],"about":[{"href":"https:\/\/www.europesays.com\/se\/wp-json\/wp\/v2\/types\/post"}],"author":[{"embeddable":true,"href":"https:\/\/www.europesays.com\/se\/wp-json\/wp\/v2\/users\/2"}],"replies":[{"embeddable":true,"href":"https:\/\/www.europesays.com\/se\/wp-json\/wp\/v2\/comments?post=80549"}],"version-history":[{"count":0,"href":"https:\/\/www.europesays.com\/se\/wp-json\/wp\/v2\/posts\/80549\/revisions"}],"wp:featuredmedia":[{"embeddable":true,"href":"https:\/\/www.europesays.com\/se\/wp-json\/wp\/v2\/media\/80550"}],"wp:attachment":[{"href":"https:\/\/www.europesays.com\/se\/wp-json\/wp\/v2\/media?parent=80549"}],"wp:term":[{"taxonomy":"category","embeddable":true,"href":"https:\/\/www.europesays.com\/se\/wp-json\/wp\/v2\/categories?post=80549"},{"taxonomy":"post_tag","embeddable":true,"href":"https:\/\/www.europesays.com\/se\/wp-json\/wp\/v2\/tags?post=80549"}],"curies":[{"name":"wp","href":"https:\/\/api.w.org\/{rel}","templated":true}]}}