{"id":80565,"date":"2025-11-14T11:41:15","date_gmt":"2025-11-14T11:41:15","guid":{"rendered":"https:\/\/www.europesays.com\/se\/80565\/"},"modified":"2025-11-14T11:41:15","modified_gmt":"2025-11-14T11:41:15","slug":"storsta-spannmalsskorden-i-sverige-pa-over-40-ar","status":"publish","type":"post","link":"https:\/\/www.europesays.com\/se\/80565\/","title":{"rendered":"St\u00f6rsta spannm\u00e5lssk\u00f6rden i Sverige p\u00e5 \u00f6ver 40 \u00e5r"},"content":{"rendered":"<p>\u00c5rets svenska spannm\u00e5lssk\u00f6rd blev den st\u00f6rsta sedan 1984, rapporterar TT med h\u00e4nvisning till siffror fr\u00e5n SCB. Totalt landade sk\u00f6rden p\u00e5 6,3 miljoner ton, 21 procent \u00f6ver snittet f\u00f6r de fem f\u00f6reg\u00e5ende \u00e5ren. <\/p>\n<p>\u201dEn rekordstor h\u00f6stveteareal i kombination med ett tidigt v\u00e5rbruk och v\u00e4lbeh\u00f6vlig nederb\u00f6rd under senv\u00e5ren lade grunden f\u00f6r den stora sk\u00f6rden\u201d, skriver SCB.<\/p>\n<p>56 procent av sk\u00f6rden utg\u00f6rs av h\u00f6stvete. \u00c4ven flera andra gr\u00f6dor ligger p\u00e5 rekordh\u00f6ga niv\u00e5er.<\/p>\n<p>Omni \u00e4r politiskt obundna och oberoende. Vi str\u00e4var efter att ge fler perspektiv p\u00e5 nyheterna. Har du fr\u00e5gor eller synpunkter kring v\u00e5r rapportering? <a href=\"https:\/\/omni.se\/storsta-spannmalsskorden-i-sverige-pa-over-40-ar\/a\/mailto:redaktion@omni.se\" class=\"ArticleActions_contactLink__W2F1M\" rel=\"nofollow noopener\" target=\"_blank\">Kontakta redaktionen<\/a><\/p>\n","protected":false},"excerpt":{"rendered":"\u00c5rets svenska spannm\u00e5lssk\u00f6rd blev den st\u00f6rsta sedan 1984, rapporterar TT med h\u00e4nvisning till siffror fr\u00e5n SCB. Totalt landade&hellip;\n","protected":false},"author":2,"featured_media":80566,"comment_status":"","ping_status":"","sticky":false,"template":"","format":"standard","meta":{"footnotes":""},"categories":[5],"tags":[22,23,26,27,17,21,705,24,25,28,29,15,16,18,1580,34,820,1581,31,33,32,30,19,20],"class_list":{"0":"post-80565","1":"post","2":"type-post","3":"status-publish","4":"format-standard","5":"has-post-thumbnail","7":"category-rubriker","8":"tag-breaking-news","9":"tag-breakingnews","10":"tag-featured-news","11":"tag-featurednews","12":"tag-headlines","13":"tag-huvudnyheter","14":"tag-jordbruk","15":"tag-latest-news","16":"tag-latestnews","17":"tag-main-news","18":"tag-mainnews","19":"tag-news","20":"tag-nyheter","21":"tag-rubriker","22":"tag-scb","23":"tag-se","24":"tag-skogsbruk-fiske","25":"tag-statistiska-centralbyran","26":"tag-svenska","27":"tag-sverige","28":"tag-sweden","29":"tag-swedish","30":"tag-top-stories","31":"tag-topstories"},"share_on_mastodon":{"url":"https:\/\/pubeurope.com\/@se\/115547870555018874","error":""},"_links":{"self":[{"href":"https:\/\/www.europesays.com\/se\/wp-json\/wp\/v2\/posts\/80565","targetHints":{"allow":["GET"]}}],"collection":[{"href":"https:\/\/www.europesays.com\/se\/wp-json\/wp\/v2\/posts"}],"about":[{"href":"https:\/\/www.europesays.com\/se\/wp-json\/wp\/v2\/types\/post"}],"author":[{"embeddable":true,"href":"https:\/\/www.europesays.com\/se\/wp-json\/wp\/v2\/users\/2"}],"replies":[{"embeddable":true,"href":"https:\/\/www.europesays.com\/se\/wp-json\/wp\/v2\/comments?post=80565"}],"version-history":[{"count":0,"href":"https:\/\/www.europesays.com\/se\/wp-json\/wp\/v2\/posts\/80565\/revisions"}],"wp:featuredmedia":[{"embeddable":true,"href":"https:\/\/www.europesays.com\/se\/wp-json\/wp\/v2\/media\/80566"}],"wp:attachment":[{"href":"https:\/\/www.europesays.com\/se\/wp-json\/wp\/v2\/media?parent=80565"}],"wp:term":[{"taxonomy":"category","embeddable":true,"href":"https:\/\/www.europesays.com\/se\/wp-json\/wp\/v2\/categories?post=80565"},{"taxonomy":"post_tag","embeddable":true,"href":"https:\/\/www.europesays.com\/se\/wp-json\/wp\/v2\/tags?post=80565"}],"curies":[{"name":"wp","href":"https:\/\/api.w.org\/{rel}","templated":true}]}}