{"id":80645,"date":"2025-11-14T13:01:21","date_gmt":"2025-11-14T13:01:21","guid":{"rendered":"https:\/\/www.europesays.com\/se\/80645\/"},"modified":"2025-11-14T13:01:21","modified_gmt":"2025-11-14T13:01:21","slug":"16-arig-flicka-var-nyckelperson-vid-skjutning","status":"publish","type":"post","link":"https:\/\/www.europesays.com\/se\/80645\/","title":{"rendered":"16-\u00e5rig flicka var \u201dnyckelperson\u201d vid skjutning"},"content":{"rendered":"<p>Publicerad 14 nov 2025 kl 11.57<\/p>\n<p>En 16-\u00e5rig flicka pekas av tingsr\u00e4tten ut som en nyckelperson i samband med en skjutning i J\u00e4rf\u00e4lla \u2013 och hon d\u00f6ms nu till tv\u00e5 \u00e5rs sluten ungdomsv\u00e5rd.\u00a0<\/p>\n<p>Samtidigt d\u00f6ms den 21-\u00e5rige skytten och hans 19-\u00e5riga flickv\u00e4n till 16 \u00e5rs f\u00e4ngelse respektive fyra \u00e5rs f\u00e4ngelse.\u00a0<\/p>\n<p><img   alt=\"\"\/><\/p>\n<p>Den 16-\u00e5riga flickan var p\u00e5 rymmen fr\u00e5n ett HVB-hem.<\/p>\n<p>\u00d6ppna bild i helsk\u00e4rmArtikel i korthet<\/p>\n<p> En man utsattes i somras f\u00f6r ett mordf\u00f6rs\u00f6k i J\u00e4rf\u00e4lla.<\/p>\n<p> P\u00e5 fredagen f\u00f6ll domen mot de \u00e5talade \u2013 tv\u00e5 m\u00e4n, 21 och 18 \u00e5r, och tv\u00e5 kvinnor, 19 respektive 16 \u00e5r.\u00a0<\/p>\n<p> Den utpekade skytten d\u00f6ms till 16 \u00e5rs f\u00e4ngelse och hans flickv\u00e4n, 19-\u00e5ringen, f\u00e5r fyra \u00e5rs f\u00e4ngelse. Den 16-\u00e5riga flickan d\u00f6ms till tv\u00e5 \u00e5rs sluten ungdomsv\u00e5rd, och 18-\u00e5ringen frik\u00e4nns.\u00a0<\/p>\n<p>Visa mer<\/p>\n<p>Kvinnan som ringer 112 strax efter midnatt tisdagen den 10 juni i \u00e5r ber\u00e4ttar att hon h\u00f6rt flera pistolskott.\u00a0<\/p>\n<p>\u2013 Jag har sett tv\u00e5 killar springa, jag h\u00f6rde sm\u00e4llar och nu \u00e4r det en svart bil som \u00e5ker i ganska snabbt hastighet.<\/p>\n<p>Hon hinner ocks\u00e5 uppfatta registreringsnumret p\u00e5 bilen och kan l\u00e4mna det till larmoperat\u00f6ren.\u00a0<\/p>\n<p>N\u00e5gra timmar senare kan polisen stoppa bilen i n\u00e4rheten av Tensta \u2013 och i den sitter en av de nu \u00e5talade, en 18-\u00e5rig man. I en tryckarl\u00e4genhet i Kallh\u00e4ll hittas en stund senare den misst\u00e4nkte skytten, en 21-\u00e5ring, och hans flickv\u00e4n, en 19-\u00e5ring.<\/p>\n<p>P\u00e5 fredagen meddelade Attunda tingsr\u00e4tt att 21-\u00e5ringen, som kan knytas till det v\u00e5ldsamma g\u00e4nget D\u00f6dspatrullen, d\u00f6ms till 16 \u00e5rs f\u00e4ngelse f\u00f6r mord, och hans flickv\u00e4n f\u00e5r fyra \u00e5rs f\u00e4ngelse f\u00f6r medhj\u00e4lp till f\u00f6rs\u00f6k till mord.\u00a0<\/p>\n<p><img loading=\"lazy\"   alt=\"\"\/><\/p>\n<p>21-\u00e5ringen kan knytas till g\u00e4nget D\u00f6dspatrullen.<\/p>\n<p>Foto: Polisen<\/p>\n<p>\u00d6ppna bild i helsk\u00e4rm<img loading=\"lazy\"   alt=\"\"\/><\/p>\n<p>\u00c4ven 21-\u00e5ringens 19-\u00e5riga flickv\u00e4n d\u00f6ms.<\/p>\n<p>\u00d6ppna bild i helsk\u00e4rm<\/p>\n<p>21-\u00e5ringen d\u00f6mdes s\u00e5 sent som 2020 till sluten ungdomsv\u00e5rd i tre \u00e5r f\u00f6r f\u00f6rs\u00f6k till mord och grovt vapenbrott.\u00a0<\/p>\n<p>En 16-\u00e5rig flicka d\u00f6ms samtidigt f\u00f6r grovt vapenbrott och medhj\u00e4lp till f\u00f6rs\u00f6k till mord. Enligt tingsr\u00e4tten var hon en \u201dnyckelperson\u201d.\u00a0<\/p>\n<p>\u201dTingsr\u00e4tten anser att hennes medverkan ligger mycket n\u00e4ra att hon sj\u00e4lv ska betraktas som g\u00e4rningsman\u201d, skriver Attunda tingsr\u00e4tt och forts\u00e4tter:<\/p>\n<p>\u201dTingsr\u00e4tten bed\u00f6mer att XX:s roll varit s\u00e5 central och att omst\u00e4ndigheterna kring hennes g\u00e4rning \u00e4r s\u00e5 f\u00f6rsv\u00e5rande att straffv\u00e4rdet f\u00f6r hennes g\u00e4rning motsvarar 12 \u00e5rs f\u00e4ngelse.\u201d<\/p>\n<p>Var p\u00e5 rymmen fr\u00e5n HVB-hem: \u201dJag skulle lura ut honom\u201d<\/p>\n<p>Men eftersom hon \u00e4r s\u00e5 ung d\u00f6ms hon \u201dbara\u201d till tv\u00e5 \u00e5rs sluten ungdomsv\u00e5rd.<\/p>\n<p>Flickan var p\u00e5 rymmen fr\u00e5n ett HVB-hem n\u00e4r skjutningen intr\u00e4ffade, och i polisf\u00f6rh\u00f6r har hon sagt att det r\u00f6rde sig om ett triangeldrama.\u00a0<\/p>\n<p>\u2013 S\u00e5na ton\u00e5rsgrejer, skitgrejer bara. Det enda jag vet \u00e4r bara att vi skulle prata.<\/p>\n<p>I ett senare f\u00f6rh\u00f6r erk\u00e4nde hon att det var hon som lockade det tillt\u00e4nkta offret, en 24-\u00e5rig man, till platsen f\u00f6r skjutningen.<\/p>\n<p>\u2013 Jag tillsammans med n\u00e5gra andra hade planerat att lura ut honom f\u00f6r vi beh\u00f6vde, eller jag skulle lura ut honom.<\/p>\n<p>Mannen tr\u00e4ffades aldrig av skotten, och han v\u00e4grade medverka under polisutredningen.<\/p>\n<p>\u2013 Det \u00e4r inte mycket jag vill ber\u00e4tta om, sa han.<\/p>\n<p>Attunda tingsr\u00e4tt skriver i domen att straffet f\u00f6r skytten hade blivit livstids f\u00e4ngelse om brottet hade fullbordats.\u00a0<\/p>\n<p>\u201dN\u00e4r det g\u00e4ller straffm\u00e4tningen konstaterar tingsr\u00e4tten att den aktuella g\u00e4rningen f\u00f6reg\u00e5tts av noggrann planering enligt en tydlig brottsplan, den har beg\u00e5tts som ett led i en allvarlig p\u00e5g\u00e5ende konflikt mellan kriminella grupperingar och det \u00e4r endast tillf\u00e4lliga omst\u00e4ndigheter som lett till att brottet inte fullbordats.\u201d<\/p>\n<p>En 18-\u00e5rig man, som enligt \u00e5klagaren fr\u00e4mjat mordf\u00f6rs\u00f6ket genom att skjutsa skytten, frias av tingsr\u00e4tten.\u00a0<\/p>\n","protected":false},"excerpt":{"rendered":"Publicerad 14 nov 2025 kl 11.57 En 16-\u00e5rig flicka pekas av tingsr\u00e4tten ut som en nyckelperson i samband&hellip;\n","protected":false},"author":2,"featured_media":80646,"comment_status":"","ping_status":"","sticky":false,"template":"","format":"standard","meta":{"footnotes":""},"categories":[5],"tags":[22,23,26,27,17,21,24,25,28,29,15,16,18,34,666,31,33,32,30,19,668,136,436,20],"class_list":{"0":"post-80645","1":"post","2":"type-post","3":"status-publish","4":"format-standard","5":"has-post-thumbnail","7":"category-rubriker","8":"tag-breaking-news","9":"tag-breakingnews","10":"tag-featured-news","11":"tag-featurednews","12":"tag-headlines","13":"tag-huvudnyheter","14":"tag-latest-news","15":"tag-latestnews","16":"tag-main-news","17":"tag-mainnews","18":"tag-news","19":"tag-nyheter","20":"tag-rubriker","21":"tag-se","22":"tag-sections-krim","23":"tag-svenska","24":"tag-sverige","25":"tag-sweden","26":"tag-swedish","27":"tag-top-stories","28":"tag-topic-gangkriminalitet","29":"tag-topic-rattegangar-domar","30":"tag-topic-valdsbrott-mord","31":"tag-topstories"},"share_on_mastodon":{"url":"https:\/\/pubeurope.com\/@se\/115548185096937074","error":""},"_links":{"self":[{"href":"https:\/\/www.europesays.com\/se\/wp-json\/wp\/v2\/posts\/80645","targetHints":{"allow":["GET"]}}],"collection":[{"href":"https:\/\/www.europesays.com\/se\/wp-json\/wp\/v2\/posts"}],"about":[{"href":"https:\/\/www.europesays.com\/se\/wp-json\/wp\/v2\/types\/post"}],"author":[{"embeddable":true,"href":"https:\/\/www.europesays.com\/se\/wp-json\/wp\/v2\/users\/2"}],"replies":[{"embeddable":true,"href":"https:\/\/www.europesays.com\/se\/wp-json\/wp\/v2\/comments?post=80645"}],"version-history":[{"count":0,"href":"https:\/\/www.europesays.com\/se\/wp-json\/wp\/v2\/posts\/80645\/revisions"}],"wp:featuredmedia":[{"embeddable":true,"href":"https:\/\/www.europesays.com\/se\/wp-json\/wp\/v2\/media\/80646"}],"wp:attachment":[{"href":"https:\/\/www.europesays.com\/se\/wp-json\/wp\/v2\/media?parent=80645"}],"wp:term":[{"taxonomy":"category","embeddable":true,"href":"https:\/\/www.europesays.com\/se\/wp-json\/wp\/v2\/categories?post=80645"},{"taxonomy":"post_tag","embeddable":true,"href":"https:\/\/www.europesays.com\/se\/wp-json\/wp\/v2\/tags?post=80645"}],"curies":[{"name":"wp","href":"https:\/\/api.w.org\/{rel}","templated":true}]}}