{"id":80687,"date":"2025-11-14T13:45:20","date_gmt":"2025-11-14T13:45:20","guid":{"rendered":"https:\/\/www.europesays.com\/se\/80687\/"},"modified":"2025-11-14T13:45:20","modified_gmt":"2025-11-14T13:45:20","slug":"avslojar-rekordbud-pa-gang-till-djurgarden","status":"publish","type":"post","link":"https:\/\/www.europesays.com\/se\/80687\/","title":{"rendered":"AVSL\u00d6JAR: Rekordbud p\u00e5 g\u00e5ng till Djurg\u00e5rden\u00a0"},"content":{"rendered":"<p><strong>August Priske \u00e4r \u00e5rets allsvenska\u00a0skr\u00e4ll och nu kommer allt starkare signaler om stora saker.\u00a0<\/strong><br \/><strong>Bosse Andersson har tidigare visat att han tror p\u00e5 transferrekord, ord som nu ser ut att besannas.\u00a0<\/strong><br \/><strong>Enligt FotbollDirekts uppgifter finns det nu klubbar som signalerar bud f\u00f6r den danska succ\u00e9n p\u00e5 120 miljoner kronor.<\/strong><\/p>\n<p><img loading=\"lazy\" decoding=\"async\" width=\"1024\" height=\"576\" src=\"https:\/\/www.europesays.com\/se\/wp-content\/uploads\/2025\/11\/bossepriske-1024x576.jpg\" alt=\"\" class=\"wp-image-340638\"  \/>Foto: Bildbyr\u00e5n<\/p>\n<p><a href=\"https:\/\/fotbolldirekt.se\/spelare\/august-priske\/\" rel=\"nofollow noopener\" target=\"_blank\">August Priske<\/a> kom i fjol och han s\u00e5g ut som en missv\u00e4rvning.\u00a0<br \/>I \u00e5r \u00e4r scenf\u00f6r\u00e4ndringen total.\u00a0<br \/>Han har nu vunnit den allsvenska skytteligan och ser ut som \u00e5rets skr\u00e4ll i svensk fotboll.\u00a0<\/p>\n<p><a href=\"https:\/\/fotbolldirekt.se\/klubb\/djurgardens-if\/\" rel=\"nofollow noopener\" target=\"_blank\">Djurg\u00e5rden<\/a> \u00e4r nu p\u00e5 nytt p\u00e5 v\u00e4g mot en mycket stor aff\u00e4r.\u00a0<br \/>Priskes genombrott \u00e4r s\u00e5 totalt med 18 m\u00e5l att Bosse Andersson har slagit fast\u00a0att han <a href=\"https:\/\/fotbolldirekt.se\/allsvenskan\/slar-fast-priske-blir-dyrare-an-lucas-bergvall\/\" rel=\"nofollow noopener\" target=\"_blank\">tror p\u00e5 transferrekord.\u00a0<\/a><\/p>\n<p>Och nu uppges, enligt vad FotbollDirekt erfar, allt mer av indikationer komma som visar att \u00e4nnu st\u00f6rre pengar \u00e4n Lucas Bergvall till Tottenham \u00e4r p\u00e5 g\u00e5ng.\u00a0<\/p>\n<p>Enligt FD:s k\u00e4llor finns nu konkret intresserade klubbar som som uttrycker en vilja att g\u00e5 in med\u00a011-12 miljoner euro som motsvarar 120-130 miljoner kronor.\u00a0<br \/>F\u00f6rsta bud till Djurg\u00e5rden tros kunna komma redan innan jul. \u00a0<br \/>L\u00e4nderna det handlar om uppges bland annat handla om England, Tyskland och Frankrike.\u00a0<\/p>\n<p>Om nu dansken till sist skulle s\u00e4ljas p\u00e5 denna niv\u00e5 s\u00e5 skulle Djurg\u00e5rden \u00e4ven skriva allsvensk historia och bli den f\u00f6rsta klubb i Sverige att g\u00f6ra tv\u00e5 stycken plus 100-miljonersaff\u00e4rer.\u00a0<br \/>Just nu har bara tre spelare n\u00e5gonsin s\u00e5lts p\u00e5 denna niv\u00e5: Bazoumana Toure, Sebastian Nanasi \u2013 och Bergvall.\u00a0<\/p>\n<p>N\u00e4r Lucas Bergvall l\u00e4mnade Djurg\u00e5rden f\u00f6r Tottenham s\u00e5 kostade han 110 miljoner i grundsumma.\u00a0<\/p>\n<p>August Priske kom till Djurg\u00e5rden f\u00f6rra sommaren. P\u00e5 52 matcher har det blivit 24 m\u00e5l f\u00f6r dansken. <\/p>\n<p><strong>L\u00c4S OCKS\u00c5:<\/strong> <strong><a href=\"https:\/\/fotbolldirekt.se\/allsvenskan\/slar-fast-priske-blir-dyrare-an-lucas-bergvall\/\" rel=\"nofollow noopener\" target=\"_blank\">Sl\u00e5r fast: \u201dPriske blir dyrare \u00e4n Lucas Bergvall\u201d<\/a><\/strong><\/p>\n","protected":false},"excerpt":{"rendered":"August Priske \u00e4r \u00e5rets allsvenska\u00a0skr\u00e4ll och nu kommer allt starkare signaler om stora saker.\u00a0Bosse Andersson har tidigare visat&hellip;\n","protected":false},"author":2,"featured_media":80688,"comment_status":"","ping_status":"","sticky":false,"template":"","format":"standard","meta":{"footnotes":""},"categories":[68],"tags":[34,115,111,110,31,33,32,30],"class_list":{"0":"post-80687","1":"post","2":"type-post","3":"status-publish","4":"format-standard","5":"has-post-thumbnail","7":"category-sport","8":"tag-se","9":"tag-senaste-nytt-2","10":"tag-sport","11":"tag-sports","12":"tag-svenska","13":"tag-sverige","14":"tag-sweden","15":"tag-swedish"},"share_on_mastodon":{"url":"https:\/\/pubeurope.com\/@se\/115548358214175812","error":""},"_links":{"self":[{"href":"https:\/\/www.europesays.com\/se\/wp-json\/wp\/v2\/posts\/80687","targetHints":{"allow":["GET"]}}],"collection":[{"href":"https:\/\/www.europesays.com\/se\/wp-json\/wp\/v2\/posts"}],"about":[{"href":"https:\/\/www.europesays.com\/se\/wp-json\/wp\/v2\/types\/post"}],"author":[{"embeddable":true,"href":"https:\/\/www.europesays.com\/se\/wp-json\/wp\/v2\/users\/2"}],"replies":[{"embeddable":true,"href":"https:\/\/www.europesays.com\/se\/wp-json\/wp\/v2\/comments?post=80687"}],"version-history":[{"count":0,"href":"https:\/\/www.europesays.com\/se\/wp-json\/wp\/v2\/posts\/80687\/revisions"}],"wp:featuredmedia":[{"embeddable":true,"href":"https:\/\/www.europesays.com\/se\/wp-json\/wp\/v2\/media\/80688"}],"wp:attachment":[{"href":"https:\/\/www.europesays.com\/se\/wp-json\/wp\/v2\/media?parent=80687"}],"wp:term":[{"taxonomy":"category","embeddable":true,"href":"https:\/\/www.europesays.com\/se\/wp-json\/wp\/v2\/categories?post=80687"},{"taxonomy":"post_tag","embeddable":true,"href":"https:\/\/www.europesays.com\/se\/wp-json\/wp\/v2\/tags?post=80687"}],"curies":[{"name":"wp","href":"https:\/\/api.w.org\/{rel}","templated":true}]}}