{"id":80691,"date":"2025-11-14T13:48:09","date_gmt":"2025-11-14T13:48:09","guid":{"rendered":"https:\/\/www.europesays.com\/se\/80691\/"},"modified":"2025-11-14T13:48:09","modified_gmt":"2025-11-14T13:48:09","slug":"strateg-om-roda-borserna-lagom-korrektioner-ar-bra","status":"publish","type":"post","link":"https:\/\/www.europesays.com\/se\/80691\/","title":{"rendered":"Strateg om r\u00f6da b\u00f6rserna: \u201dLagom korrektioner \u00e4r bra\u201d"},"content":{"rendered":"<p>Efter g\u00e5rdagens ras p\u00e5 Wall Street lyser nu b\u00f6rserna i Asien och Europa ocks\u00e5 r\u00f6tt. En anledning till de breda nedg\u00e5ngarna \u00e4r att b\u00f6rsen befinner sig i en s\u00e5rbar period, s\u00e4ger SEB:s seniorekonom Robert Bergqvist till EFN. <\/p>\n<p>Han pekar bland annat p\u00e5 att marknaden allt mer slutat att prisa in en ny r\u00e4ntes\u00e4nkning fr\u00e5n Fed i december. Nu ligger f\u00f6rv\u00e4ntningarna p\u00e5 omkring 50 procent. Sedan har inte diskussionerna om en AI-bubbla avtagit. <\/p>\n<p>Bergqvist, liksom Danske Banks seniorstrateg Maria Landeborn, tror att det kommer att bli fler liknande korrektioner fram\u00f6ver. Hon n\u00e4mner \u201dstretchade v\u00e4rderingar\u201d och att b\u00f6rsen har en stark uppg\u00e5ng i ryggen. <\/p>\n<p>\u2013 Lagom korrektioner, s\u00e5 som vi ser nu \u00e4r bra, s\u00e4ger Bergqvist och till\u00e4gger att det visar att vi inte sitter fast i ett flockbeteende.<\/p>\n<p>Omni \u00e4r politiskt obundna och oberoende. Vi str\u00e4var efter att ge fler perspektiv p\u00e5 nyheterna. Har du fr\u00e5gor eller synpunkter kring v\u00e5r rapportering? <a href=\"https:\/\/omni.se\/strateg-om-roda-borserna-lagom-korrektioner-ar-bra\/a\/mailto:redaktion@omni.se\" class=\"ArticleActions_contactLink__W2F1M\" rel=\"nofollow noopener\" target=\"_blank\">Kontakta redaktionen<\/a><\/p>\n","protected":false},"excerpt":{"rendered":"Efter g\u00e5rdagens ras p\u00e5 Wall Street lyser nu b\u00f6rserna i Asien och Europa ocks\u00e5 r\u00f6tt. En anledning till&hellip;\n","protected":false},"author":2,"featured_media":80692,"comment_status":"","ping_status":"","sticky":false,"template":"","format":"standard","meta":{"footnotes":""},"categories":[65],"tags":[72,70,71,324,1020,1019,34,467,31,33,32,30,398],"class_list":{"0":"post-80691","1":"post","2":"type-post","3":"status-publish","4":"format-standard","5":"has-post-thumbnail","7":"category-ekonomi","8":"tag-business","9":"tag-economy","10":"tag-ekonomi","11":"tag-makroekonomi","12":"tag-maria-landeborn","13":"tag-robert-bergqvist","14":"tag-se","15":"tag-stockholmsborsen","16":"tag-svenska","17":"tag-sverige","18":"tag-sweden","19":"tag-swedish","20":"tag-wall-street"},"share_on_mastodon":{"url":"https:\/\/pubeurope.com\/@se\/115548370014988341","error":""},"_links":{"self":[{"href":"https:\/\/www.europesays.com\/se\/wp-json\/wp\/v2\/posts\/80691","targetHints":{"allow":["GET"]}}],"collection":[{"href":"https:\/\/www.europesays.com\/se\/wp-json\/wp\/v2\/posts"}],"about":[{"href":"https:\/\/www.europesays.com\/se\/wp-json\/wp\/v2\/types\/post"}],"author":[{"embeddable":true,"href":"https:\/\/www.europesays.com\/se\/wp-json\/wp\/v2\/users\/2"}],"replies":[{"embeddable":true,"href":"https:\/\/www.europesays.com\/se\/wp-json\/wp\/v2\/comments?post=80691"}],"version-history":[{"count":0,"href":"https:\/\/www.europesays.com\/se\/wp-json\/wp\/v2\/posts\/80691\/revisions"}],"wp:featuredmedia":[{"embeddable":true,"href":"https:\/\/www.europesays.com\/se\/wp-json\/wp\/v2\/media\/80692"}],"wp:attachment":[{"href":"https:\/\/www.europesays.com\/se\/wp-json\/wp\/v2\/media?parent=80691"}],"wp:term":[{"taxonomy":"category","embeddable":true,"href":"https:\/\/www.europesays.com\/se\/wp-json\/wp\/v2\/categories?post=80691"},{"taxonomy":"post_tag","embeddable":true,"href":"https:\/\/www.europesays.com\/se\/wp-json\/wp\/v2\/tags?post=80691"}],"curies":[{"name":"wp","href":"https:\/\/api.w.org\/{rel}","templated":true}]}}