{"id":80750,"date":"2025-11-14T14:55:12","date_gmt":"2025-11-14T14:55:12","guid":{"rendered":"https:\/\/www.europesays.com\/se\/80750\/"},"modified":"2025-11-14T14:55:12","modified_gmt":"2025-11-14T14:55:12","slug":"man-doms-for-tio-ar-gammal-valdtakt-i-uppsala-krim","status":"publish","type":"post","link":"https:\/\/www.europesays.com\/se\/80750\/","title":{"rendered":"Man d\u00f6ms f\u00f6r tio \u00e5r gammal v\u00e5ldt\u00e4kt i Uppsala | Krim"},"content":{"rendered":"<p>Publicerad 14 nov 2025 kl 14.07Uppdaterad kl 14.56<\/p>\n<p>V\u00e5ldt\u00e4ktsutredningen lades f\u00f6rst ner \u2013 men \u00e5terupptogs efter ett fynd \u00e5tta \u00e5r senare.\u00a0<\/p>\n<p>Nu har en man i 30-\u00e5rs\u00e5ldern d\u00f6ms till f\u00e4ngelse f\u00f6r en tio \u00e5r gammal v\u00e5ldt\u00e4kt i Uppsala.<\/p>\n<p><img   alt=\"\"\/><\/p>\n<p>Tv\u00e5 m\u00e4n \u00e5talades i september f\u00f6r v\u00e5ldt\u00e4kt av en kvinna.<\/p>\n<p>Foto: JEPPE GUSTAFSSON\/SHUTTERSTOCK \/IBL<\/p>\n<p>\u00d6ppna bild i helsk\u00e4rm<\/p>\n<p>Tv\u00e5 m\u00e4n stod \u00e5talade misst\u00e4nkta f\u00f6r att ha v\u00e5ldtagit en kvinna i en l\u00e4genhet i stadsdelen <a href=\"https:\/\/www.expressen.se\/tagg\/location\/gottsunda\/\" class=\"\" rel=\"nofollow noopener\" target=\"_blank\">Gottsunda<\/a> i augusti 2015. Enligt \u00e5talet l\u00e5g kvinnan och sov n\u00e4r m\u00e4nnen v\u00e5ldtog henne och hon var enligt \u00e5talet i en s\u00e4rkilt utsatt situation d\u00e5 hon sov samt var berusad. \u00a0<\/p>\n<p>F\u00f6runders\u00f6kningen lades ned 2016 i brist p\u00e5 bevis, men i slutet av 2024 \u00e5terupptogs utredningen och man fick fram bevisning som ledde till att de b\u00e5da m\u00e4nnen kunde h\u00e4ktas i juni 2025. Den ena sl\u00e4pptes efter en \u00f6verpr\u00f6vning av Svea hovr\u00e4tt.<\/p>\n<p>I b\u00f6rjan av september v\u00e4cktes \u00e5tal.<\/p>\n<p>P\u00e5 fredagen meddelades domen mot m\u00e4nnen. Den ena, en man i 30-\u00e5rs\u00e5ldern, d\u00f6ms f\u00f6r v\u00e5ldt\u00e4kt till f\u00e4ngelse ett \u00e5r och sex m\u00e5nader f\u00f6r att ha v\u00e5ldtagit kvinnan. Den andra mannen frias fr\u00e5n anklagelserna.\u00a0<\/p>\n<p>Den d\u00f6mde mannen ska \u00e4ven betala skadest\u00e5nd till kvinnan med 140 000 kronor samt r\u00e4nta.\u00a0<\/p>\n<p>D\u00f6md efter lag som g\u00e4llde 2015<\/p>\n<p>Tingsr\u00e4tten ska d\u00f6ma enligt den lag som g\u00e4llde i augusti 2015, d\u00e5 brottet begicks. D\u00e5 var det l\u00e4gsta straffet f\u00f6r v\u00e5ldt\u00e4kt tv\u00e5 \u00e5rs f\u00e4ngelse. Tingsr\u00e4tten tycker att v\u00e5ldt\u00e4kten den nu d\u00f6mde mannen beg\u00e5tt \u00e4r \u201dn\u00e5gon eller n\u00e5gra m\u00e5nader\u201d h\u00f6gre \u00e4n det l\u00e4gsta straffet, men eftersom det har g\u00e5tt l\u00e5ng tid sedan brottet begicks anser tingsr\u00e4tten att det i st\u00e4llet finns sk\u00e4l att s\u00e4nka straffet med sex m\u00e5nader.<\/p>\n<p>Visa mer<\/p>\n","protected":false},"excerpt":{"rendered":"Publicerad 14 nov 2025 kl 14.07Uppdaterad kl 14.56 V\u00e5ldt\u00e4ktsutredningen lades f\u00f6rst ner \u2013 men \u00e5terupptogs efter ett fynd&hellip;\n","protected":false},"author":2,"featured_media":80751,"comment_status":"","ping_status":"","sticky":false,"template":"","format":"standard","meta":{"footnotes":""},"categories":[5],"tags":[22,23,26,27,17,21,24,25,7179,958,28,29,15,16,18,34,666,31,33,32,30,19,136,20],"class_list":{"0":"post-80750","1":"post","2":"type-post","3":"status-publish","4":"format-standard","5":"has-post-thumbnail","7":"category-rubriker","8":"tag-breaking-news","9":"tag-breakingnews","10":"tag-featured-news","11":"tag-featurednews","12":"tag-headlines","13":"tag-huvudnyheter","14":"tag-latest-news","15":"tag-latestnews","16":"tag-location-gottsunda","17":"tag-location-uppsala","18":"tag-main-news","19":"tag-mainnews","20":"tag-news","21":"tag-nyheter","22":"tag-rubriker","23":"tag-se","24":"tag-sections-krim","25":"tag-svenska","26":"tag-sverige","27":"tag-sweden","28":"tag-swedish","29":"tag-top-stories","30":"tag-topic-rattegangar-domar","31":"tag-topstories"},"share_on_mastodon":{"url":"https:\/\/pubeurope.com\/@se\/115548633537381076","error":""},"_links":{"self":[{"href":"https:\/\/www.europesays.com\/se\/wp-json\/wp\/v2\/posts\/80750","targetHints":{"allow":["GET"]}}],"collection":[{"href":"https:\/\/www.europesays.com\/se\/wp-json\/wp\/v2\/posts"}],"about":[{"href":"https:\/\/www.europesays.com\/se\/wp-json\/wp\/v2\/types\/post"}],"author":[{"embeddable":true,"href":"https:\/\/www.europesays.com\/se\/wp-json\/wp\/v2\/users\/2"}],"replies":[{"embeddable":true,"href":"https:\/\/www.europesays.com\/se\/wp-json\/wp\/v2\/comments?post=80750"}],"version-history":[{"count":0,"href":"https:\/\/www.europesays.com\/se\/wp-json\/wp\/v2\/posts\/80750\/revisions"}],"wp:featuredmedia":[{"embeddable":true,"href":"https:\/\/www.europesays.com\/se\/wp-json\/wp\/v2\/media\/80751"}],"wp:attachment":[{"href":"https:\/\/www.europesays.com\/se\/wp-json\/wp\/v2\/media?parent=80750"}],"wp:term":[{"taxonomy":"category","embeddable":true,"href":"https:\/\/www.europesays.com\/se\/wp-json\/wp\/v2\/categories?post=80750"},{"taxonomy":"post_tag","embeddable":true,"href":"https:\/\/www.europesays.com\/se\/wp-json\/wp\/v2\/tags?post=80750"}],"curies":[{"name":"wp","href":"https:\/\/api.w.org\/{rel}","templated":true}]}}