{"id":80777,"date":"2025-11-14T15:22:12","date_gmt":"2025-11-14T15:22:12","guid":{"rendered":"https:\/\/www.europesays.com\/se\/80777\/"},"modified":"2025-11-14T15:22:12","modified_gmt":"2025-11-14T15:22:12","slug":"aklagaren-kommenterar-dom-i-mal-om-valdtakt-i-uppsala-2015","status":"publish","type":"post","link":"https:\/\/www.europesays.com\/se\/80777\/","title":{"rendered":"\u00c5klagaren kommenterar dom i m\u00e5l om v\u00e5ldt\u00e4kt i Uppsala 2015"},"content":{"rendered":"<p>\u00c5klagaren v\u00e4ckte i september i \u00e5r \u00e5tal mot tv\u00e5 m\u00e4n i 30- respektive 40-\u00e5rs\u00e5ldern hemmah\u00f6rande i Uppsala f\u00f6r vardera ett fall av v\u00e5ldt\u00e4kt mot en kvinna i augusti 2015. I dag meddelade Uppsala tingsr\u00e4tt dom i \u00e4rendet. Tingsr\u00e4tten d\u00f6mer den misst\u00e4nkte mannen i 30-\u00e5rs\u00e5ldern f\u00f6r v\u00e5ldt\u00e4kt till 1,5 \u00e5rs f\u00e4ngelse och r\u00e4tten har \u00e4ven beslutat att han ska h\u00e4ktas. Mannen i 40-\u00e5rs\u00e5ldern som ocks\u00e5 varit \u00e5talad f\u00f6r v\u00e5ldt\u00e4kt vid samma tillf\u00e4lle frik\u00e4nns.<\/p>\n<p>\u2013 Vi kan konstatera att tingsr\u00e4tten avseende den tilltalade i 30-\u00e5rs\u00e5ldern helt har g\u00e5tt p\u00e5 \u00e5klagarens linje och d\u00f6mer honom f\u00f6r v\u00e5ldt\u00e4kt. N\u00e4r det g\u00e4ller den tilltalade mannen i 40-\u00e5rs\u00e5ldern som frik\u00e4ndes av en oenig tingsr\u00e4tt, kan vi redan nu s\u00e4ga att vi kommer att \u00f6verklaga domen i den delen. V\u00e5r uppfattning \u00e4r att \u00e4ven den mannen ska d\u00f6mas f\u00f6r v\u00e5ldt\u00e4kt och den meningen delades av tingsr\u00e4ttens ordf\u00f6rande och en n\u00e4mndeman. Vid en s\u00e5dan skiljaktig mening \u00e4r det sj\u00e4lvklart att som \u00e5klagare \u00f6verklaga domen och beg\u00e4ra hovr\u00e4ttens pr\u00f6vning, s\u00e4ger kammar\u00e5klagare Joakim Gustafsson som \u00e4r den som lett f\u00f6runders\u00f6kningen.<\/p>\n<p>M\u00e5lnummer i Uppsala tingsr\u00e4tt: B 1112-25.<\/p>\n<p><a href=\"https:\/\/www.aklagare.se\/for-media\/pressmeddelanden\/2025\/september\/atal-vackt-for-valdtakt-i-uppsala-2015\/\" target=\"_blank\" rel=\"noopener nofollow\">Pressmeddelande n\u00e4r \u00e5tal v\u00e4cktes i september.<\/a>\u00a0<\/p>\n<p>Kontakt<\/p>\n<p>Kammar\u00e5klagare Joakim Gustafsson \u00e4r tillg\u00e4nglig f\u00f6r media i dag kl. 15.30-16 p\u00e5 \u00a0010-562 68 03.<\/p>\n","protected":false},"excerpt":{"rendered":"\u00c5klagaren v\u00e4ckte i september i \u00e5r \u00e5tal mot tv\u00e5 m\u00e4n i 30- respektive 40-\u00e5rs\u00e5ldern hemmah\u00f6rande i Uppsala f\u00f6r&hellip;\n","protected":false},"author":2,"featured_media":5946,"comment_status":"","ping_status":"","sticky":false,"template":"","format":"standard","meta":{"footnotes":""},"categories":[5],"tags":[980,979,22,23,26,27,17,21,24,25,28,29,15,16,18,34,31,33,32,30,19,20],"class_list":{"0":"post-80777","1":"post","2":"type-post","3":"status-publish","4":"format-standard","5":"has-post-thumbnail","7":"category-rubriker","8":"tag-klagarmyndigheten","9":"tag-klagare","10":"tag-breaking-news","11":"tag-breakingnews","12":"tag-featured-news","13":"tag-featurednews","14":"tag-headlines","15":"tag-huvudnyheter","16":"tag-latest-news","17":"tag-latestnews","18":"tag-main-news","19":"tag-mainnews","20":"tag-news","21":"tag-nyheter","22":"tag-rubriker","23":"tag-se","24":"tag-svenska","25":"tag-sverige","26":"tag-sweden","27":"tag-swedish","28":"tag-top-stories","29":"tag-topstories"},"share_on_mastodon":{"url":"https:\/\/pubeurope.com\/@se\/115548739534560800","error":""},"_links":{"self":[{"href":"https:\/\/www.europesays.com\/se\/wp-json\/wp\/v2\/posts\/80777","targetHints":{"allow":["GET"]}}],"collection":[{"href":"https:\/\/www.europesays.com\/se\/wp-json\/wp\/v2\/posts"}],"about":[{"href":"https:\/\/www.europesays.com\/se\/wp-json\/wp\/v2\/types\/post"}],"author":[{"embeddable":true,"href":"https:\/\/www.europesays.com\/se\/wp-json\/wp\/v2\/users\/2"}],"replies":[{"embeddable":true,"href":"https:\/\/www.europesays.com\/se\/wp-json\/wp\/v2\/comments?post=80777"}],"version-history":[{"count":0,"href":"https:\/\/www.europesays.com\/se\/wp-json\/wp\/v2\/posts\/80777\/revisions"}],"wp:featuredmedia":[{"embeddable":true,"href":"https:\/\/www.europesays.com\/se\/wp-json\/wp\/v2\/media\/5946"}],"wp:attachment":[{"href":"https:\/\/www.europesays.com\/se\/wp-json\/wp\/v2\/media?parent=80777"}],"wp:term":[{"taxonomy":"category","embeddable":true,"href":"https:\/\/www.europesays.com\/se\/wp-json\/wp\/v2\/categories?post=80777"},{"taxonomy":"post_tag","embeddable":true,"href":"https:\/\/www.europesays.com\/se\/wp-json\/wp\/v2\/tags?post=80777"}],"curies":[{"name":"wp","href":"https:\/\/api.w.org\/{rel}","templated":true}]}}