{"id":80782,"date":"2025-11-14T15:30:27","date_gmt":"2025-11-14T15:30:27","guid":{"rendered":"https:\/\/www.europesays.com\/se\/80782\/"},"modified":"2025-11-14T15:30:27","modified_gmt":"2025-11-14T15:30:27","slug":"tre-aktier-att-bottenfiska-i-med-potential-pa-sikt-borskollen","status":"publish","type":"post","link":"https:\/\/www.europesays.com\/se\/80782\/","title":{"rendered":"Tre aktier att bottenfiska i \u2013 med potential p\u00e5 sikt &#8211; B\u00f6rskollen"},"content":{"rendered":"<ol>\n<li><a href=\"https:\/\/news.google.com\/rss\/articles\/CBMikAFBVV95cUxOTFlxcUVleFlxRU03aU5kcmc0VmtCVXZqZFRleDVjS0dYcC1OeHdDU3Jfd01Xc1dFVGJoY2lXLVd1Q3M3aUpSYnZaTjBWY1kwOFAydmRkWlZEUDN6RndRU3dHWkhBbTFFWm9vWE12bFB6YnFhYkdqTnVhMHROVjQ1a3UxX1NFRTlfWFJKaEtMS2k?oc=5\" target=\"_blank\" rel=\"nofollow noopener\">Tre aktier att bottenfiska i \u2013 med potential p\u00e5 sikt<\/a>&nbsp;&nbsp;B\u00f6rskollen<\/li>\n<li><a href=\"https:\/\/news.google.com\/rss\/articles\/CBMimAFBVV95cUxQYjdJSUM5WnV0bkRacWxLaHRaT1l2Y0RhY2VCMzFvN2RINFEteHczTzUtUkpBWktGVGpTVXRYbG04Wlg2VU9UQmExZGhRR2tSSDRqUkZKSEhuNEZSdHZzcW9LY1N6dXB3ZlZVaDByUXlpZDBqbC1ybFVkbnd0WmdETDVoVmYzX2ZLcHBhLW9teTVNdjY1UmNNWQ?oc=5\" target=\"_blank\" rel=\"nofollow noopener\">Hernhag: Fyra aktier som lockar till k\u00f6p<\/a>&nbsp;&nbsp;Privata Aff\u00e4rer<\/li>\n<li><a href=\"https:\/\/news.google.com\/rss\/articles\/CBMihgFBVV95cUxOcTNMS2c2T04tWS1wMkMxZEdIVDlmSzlfb0tJdzRWWHZ6WEMzMnpuTXpHd05rMXcxVkhocnNIcUwyUl9iUnR3cTZtTFVCNWRqbDRXREx3SXpLR0doc19uUnVkNnVfMUZjTzBDbkNqNDRuLUhreVJZcnd0VllIc2hESjdXbldhQQ?oc=5\" target=\"_blank\" rel=\"nofollow noopener\">Utdelningar p\u00e5 v\u00e4g in. Sista chansen?<\/a>&nbsp;&nbsp;TradeVenue<\/li>\n<li><a href=\"https:\/\/news.google.com\/rss\/articles\/CBMikwFBVV95cUxPQTdRTWstOHQ0V084QlhBUVdWVmJlaGhzblJJTFJBZ2pQdXpPYTdGZ00zRWxaRlZDMlVNdXV5dzJzX3JvMnVZN1V1alJsYW9qd1dYS3JjdnI3QWZHblhCc1gtV1RKSzhGYlo2QVRrRXV3OFBCcm9WUGhqN1VUYXd2QXNXMDVJbXZBcndybUNrcXVMVEU?oc=5\" target=\"_blank\" rel=\"nofollow noopener\">Vilka utdelare \u00e4r b\u00e4st att k\u00f6pa i november?<\/a>&nbsp;&nbsp;Kronan till Miljonen<\/li>\n<li><a href=\"https:\/\/news.google.com\/rss\/articles\/CBMingFBVV95cUxQT0lUVDRvV0ROTnl3UlhtSGo1TEdzUFljbWdtTkNkMHBzQy1JRTJ5ZHJIYTg4TDBOOVkwMWp0TkM5ZFVqWXAxOXVGWVpHOUVuUkQ5SXhLeV9xOWJWdVZDUEtBSmFVWGRoaVYzcG4zOXdURmZibC1aLUMtUG05Z0hpRHh5bTlCbjNkQjZoMnM1VlhWX004Tk9nckZnY01Idw?oc=5\" target=\"_blank\" rel=\"nofollow noopener\">Hernhag: Tre aktier d\u00e4r bottenfiske kan l\u00f6na sig<\/a>&nbsp;&nbsp;Privata Aff\u00e4rer<\/li>\n<\/ol>\n","protected":false},"excerpt":{"rendered":"Tre aktier att bottenfiska i \u2013 med potential p\u00e5 sikt&nbsp;&nbsp;B\u00f6rskollen Hernhag: Fyra aktier som lockar till k\u00f6p&nbsp;&nbsp;Privata Aff\u00e4rer&hellip;\n","protected":false},"author":2,"featured_media":80783,"comment_status":"","ping_status":"","sticky":false,"template":"","format":"standard","meta":{"footnotes":""},"categories":[5],"tags":[22,23,26,27,17,21,24,25,28,29,15,16,18,34,31,33,32,30,19,20],"class_list":{"0":"post-80782","1":"post","2":"type-post","3":"status-publish","4":"format-standard","5":"has-post-thumbnail","7":"category-rubriker","8":"tag-breaking-news","9":"tag-breakingnews","10":"tag-featured-news","11":"tag-featurednews","12":"tag-headlines","13":"tag-huvudnyheter","14":"tag-latest-news","15":"tag-latestnews","16":"tag-main-news","17":"tag-mainnews","18":"tag-news","19":"tag-nyheter","20":"tag-rubriker","21":"tag-se","22":"tag-svenska","23":"tag-sverige","24":"tag-sweden","25":"tag-swedish","26":"tag-top-stories","27":"tag-topstories"},"share_on_mastodon":{"url":"https:\/\/pubeurope.com\/@se\/115548771046730158","error":""},"_links":{"self":[{"href":"https:\/\/www.europesays.com\/se\/wp-json\/wp\/v2\/posts\/80782","targetHints":{"allow":["GET"]}}],"collection":[{"href":"https:\/\/www.europesays.com\/se\/wp-json\/wp\/v2\/posts"}],"about":[{"href":"https:\/\/www.europesays.com\/se\/wp-json\/wp\/v2\/types\/post"}],"author":[{"embeddable":true,"href":"https:\/\/www.europesays.com\/se\/wp-json\/wp\/v2\/users\/2"}],"replies":[{"embeddable":true,"href":"https:\/\/www.europesays.com\/se\/wp-json\/wp\/v2\/comments?post=80782"}],"version-history":[{"count":0,"href":"https:\/\/www.europesays.com\/se\/wp-json\/wp\/v2\/posts\/80782\/revisions"}],"wp:featuredmedia":[{"embeddable":true,"href":"https:\/\/www.europesays.com\/se\/wp-json\/wp\/v2\/media\/80783"}],"wp:attachment":[{"href":"https:\/\/www.europesays.com\/se\/wp-json\/wp\/v2\/media?parent=80782"}],"wp:term":[{"taxonomy":"category","embeddable":true,"href":"https:\/\/www.europesays.com\/se\/wp-json\/wp\/v2\/categories?post=80782"},{"taxonomy":"post_tag","embeddable":true,"href":"https:\/\/www.europesays.com\/se\/wp-json\/wp\/v2\/tags?post=80782"}],"curies":[{"name":"wp","href":"https:\/\/api.w.org\/{rel}","templated":true}]}}