{"id":80821,"date":"2025-11-14T16:20:10","date_gmt":"2025-11-14T16:20:10","guid":{"rendered":"https:\/\/www.europesays.com\/se\/80821\/"},"modified":"2025-11-14T16:20:10","modified_gmt":"2025-11-14T16:20:10","slug":"buss-har-kort-in-i-busskur-pa-ostermalm-flera-doda","status":"publish","type":"post","link":"https:\/\/www.europesays.com\/se\/80821\/","title":{"rendered":"Buss har k\u00f6rt in i busskur p\u00e5 \u00d6stermalm \u2013 flera d\u00f6da"},"content":{"rendered":"<p>Klockan 15.24 p\u00e5 fredagseftermiddagen inkom ett larm till 112 \u2013 en buss har k\u00f6rt in i en busskur vid Tekniska H\u00f6gskolan p\u00e5 \u00d6stermalm i Stockholm. Knappt en timme senare skriver polisen p\u00e5 sin hemsida att flera personer \u00e4r omkomna. Man vill i nul\u00e4get inte kommentera hur m\u00e5nga som \u00e4r d\u00f6da eller vilka \u00e5ldrar det \u00e4r p\u00e5 de omkomna.<\/p>\n<p>H\u00e4ndelsen rubriceras som grovt v\u00e5llande till annans d\u00f6d. Orsaken till h\u00e4ndelsen \u00e4r dock inte klarlagd i nul\u00e4get.<\/p>\n<p>\u2013 Polisen \u00e4r p\u00e5 plats med ambulans och r\u00e4ddningstj\u00e4nst. Vi h\u00e5ller p\u00e5 att ta reda p\u00e5 omst\u00e4ndigheterna, vad det \u00e4r som har h\u00e4nt, s\u00e4ger polisens presstalesperson Nadya Norton.<\/p>\n<p>Busschauff\u00f6ren \u00e4r gripen och ska f\u00f6rh\u00f6ras.<\/p>\n<p>\u2013 Vi jobbar f\u00f6ruts\u00e4ttningsl\u00f6st f\u00f6r att se vad som har h\u00e4nt nu. Man ska h\u00e5lla f\u00f6rh\u00f6r med busschauff\u00f6ren s\u00e5 att den personen f\u00e5r ge sin bild. \u00a0Sedan f\u00e5r vi se om den ska sl\u00e4ppas eller anh\u00e5llas. Det \u00e4r ett beslut som fattas av \u00e5klagare. Jag vill inte spekulera i vad som har h\u00e4nt, f\u00f6r jag vill inte heller p\u00e5verka vittnen p\u00e5 plats, s\u00e4ger Nadya Norton till DN strax efter klockan 17.<\/p>\n<p><strong>Polisens tekniker befinner sig<\/strong> p\u00e5 \u00d6stermalm f\u00f6r att s\u00e4kra eventuella sp\u00e5r p\u00e5 brottsplatsen som nu \u00e4r avsp\u00e4rrad.<\/p>\n<p>\u2013 De g\u00e5r igenom allt grundligt. Det kommer vara fortsatt avsp\u00e4rrat, jag gissar en bra bit in p\u00e5 kv\u00e4llen, s\u00e4ger Nadya Norton.<\/p>\n<p>          <img decoding=\"async\" class=\"picture__img\" src=\"https:\/\/www.europesays.com\/se\/wp-content\/uploads\/2025\/11\/33edc803-9177-497e-85be-987d3bea5674.jpeg\"   alt=\"Valhallav\u00e4gen \u00e4r avst\u00e4ngd fr\u00e5n Valhallav\u00e4gen\/Odengatan till Valhallav\u00e4gen\/Engelbrektsgatan i riktning mot G\u00e4rdet.\"\/><\/p>\n<p>      Valhallav\u00e4gen \u00e4r avst\u00e4ngd fr\u00e5n Valhallav\u00e4gen\/Odengatan till Valhallav\u00e4gen\/Engelbrektsgatan i riktning mot G\u00e4rdet.<\/p>\n<p>      Foto: Thomas Karlsson<\/p>\n<p>Michelle Marcher, pressinformat\u00f6r vid Region Stockholm, sade vid 16-tiden att fem personer \u00e4r skadade.<\/p>\n<p>\u2013 Tv\u00e5 av dessa \u00e4r allvarligt skadade och har f\u00f6rts till sjukhus, sade hon vid 16.10-tiden och p\u00e5pekade att regionen inte har g\u00e5tt upp i stabsl\u00e4ge.<\/p>\n<p><strong>Ett vittne som bor i n\u00e4rheten<\/strong> av olycksplatsen ber\u00e4ttar att hon h\u00f6rde flera sm\u00e4llar, och s\u00e5g den stora insatsen direkt efter\u00e5t fr\u00e5n sitt f\u00f6nster.<\/p>\n<p>\u2013 Jag satt i soffan och s\u00e5g en film, n\u00e4r jag h\u00f6rde att det small. Det l\u00e4t som flera sm\u00e4llar. Det var inte bara en sm\u00e4ll.<\/p>\n<p>\u2013 Obehagligt \u00e4r det. Det v\u00e4cker mycket k\u00e4nslor, forts\u00e4tter vittnet.<\/p>\n<p><strong>SL:s pressinformat\u00f6r Sophie Gunnarsson<\/strong> s\u00e4ger utifr\u00e5n information fr\u00e5n deras trygghetscentral att det \u00e4r en Norrt\u00e4lje-buss som k\u00f6rt in i kuren.<\/p>\n<p>\u2013 Det \u00e4r en p\u00e5g\u00e5ende insats och det bed\u00f6ms som en allvarlig h\u00e4ndelse, s\u00e4ger hon.<\/p>\n<p>          <img decoding=\"async\" class=\"picture__img\" src=\"https:\/\/www.europesays.com\/se\/wp-content\/uploads\/2025\/11\/7f907c25-5f29-47be-be38-851584133df6.jpeg\"   alt=\"Orsaken till h\u00e4ndelsen \u00e4r inte klarlagd i nul\u00e4get.\"\/><\/p>\n<p>      Orsaken till h\u00e4ndelsen \u00e4r inte klarlagd i nul\u00e4get.<\/p>\n<p>      Foto: Thomas Karlsson<\/p>\n<p>SL ber\u00e4ttar att busslinjerna 4, 6, 67 och 72 p\u00e5verkas av h\u00e4ndelsen. Trafikverket meddelar att den vanligtvis h\u00e5rt trafikerade Valhallav\u00e4gen \u00e4r avst\u00e4ngd fr\u00e5n Valhallav\u00e4gen\/Odengatan till Valhallav\u00e4gen\/Engelbrektsgatan i riktning mot G\u00e4rdet. Detta har lett till betydande k\u00f6er. Bed\u00f6mningen \u00e4r att arbetet p\u00e5 platsen \u00e4r f\u00e4rdigt runt klockan 18.30.<\/p>\n<p>DN:s reporter p\u00e5 plats uppger att avsp\u00e4rrningarna \u00e4r mycket omfattande. \u00d6stra station \u00e4r avsp\u00e4rrad med anledning av h\u00e4ndelsen.<\/p>\n<p>Statsminister Ulf Kristersson skriver i en kommentar till DN att han n\u00e5tt av det tragiska beskedet att flera personer har omkommit och skadats vid en bussh\u00e5llplats i Stockholm.<\/p>\n<p>\u201dM\u00e4nniskor som kanske var p\u00e5 v\u00e4g hem till familj, v\u00e4nner eller en lugn kv\u00e4ll hemma. Vi vet \u00e4nnu inte orsaken till detta, men just nu \u00e4r mina tankar fr\u00e4mst hos de som har drabbats och deras anh\u00f6riga. Polis, ambulans och r\u00e4ddningstj\u00e4nst har nu ett mycket sv\u00e5rt och viktigt arbete att g\u00f6ra. Jag uppmanar alla att visa h\u00e4nsyn och f\u00f6rst\u00e5else f\u00f6r deras uppgifter,\u201d s\u00e4ger statsminister Ulf Kristersson<\/p>\n<p>KD:s partiledare och vice statsminister Ebba Busch skriver p\u00e5 X om olyckan:<\/p>\n<p>\u201dN\u00e5s av den fruktansv\u00e4rda nyheten om att personer mist sitt liv efter att en buss k\u00f6rt in i en busskur i centrala Stockholm. Regeringen f\u00f6ljer utvecklingen noga och st\u00e5r i n\u00e4ra kontakt med ber\u00f6rda myndigheter.\u201d<\/p>\n<p>Texten uppdateras<\/p>\n","protected":false},"excerpt":{"rendered":"Klockan 15.24 p\u00e5 fredagseftermiddagen inkom ett larm till 112 \u2013 en buss har k\u00f6rt in i en busskur&hellip;\n","protected":false},"author":2,"featured_media":80822,"comment_status":"","ping_status":"","sticky":false,"template":"","format":"standard","meta":{"footnotes":""},"categories":[12],"tags":[22,23,26,27,17,21,24,25,28,29,15,16,18,34,31,33,32,30,19,20],"class_list":{"0":"post-80821","1":"post","2":"type-post","3":"status-publish","4":"format-standard","5":"has-post-thumbnail","7":"category-sverige","8":"tag-breaking-news","9":"tag-breakingnews","10":"tag-featured-news","11":"tag-featurednews","12":"tag-headlines","13":"tag-huvudnyheter","14":"tag-latest-news","15":"tag-latestnews","16":"tag-main-news","17":"tag-mainnews","18":"tag-news","19":"tag-nyheter","20":"tag-rubriker","21":"tag-se","22":"tag-svenska","23":"tag-sverige","24":"tag-sweden","25":"tag-swedish","26":"tag-top-stories","27":"tag-topstories"},"share_on_mastodon":{"url":"https:\/\/pubeurope.com\/@se\/115548967733556949","error":""},"_links":{"self":[{"href":"https:\/\/www.europesays.com\/se\/wp-json\/wp\/v2\/posts\/80821","targetHints":{"allow":["GET"]}}],"collection":[{"href":"https:\/\/www.europesays.com\/se\/wp-json\/wp\/v2\/posts"}],"about":[{"href":"https:\/\/www.europesays.com\/se\/wp-json\/wp\/v2\/types\/post"}],"author":[{"embeddable":true,"href":"https:\/\/www.europesays.com\/se\/wp-json\/wp\/v2\/users\/2"}],"replies":[{"embeddable":true,"href":"https:\/\/www.europesays.com\/se\/wp-json\/wp\/v2\/comments?post=80821"}],"version-history":[{"count":0,"href":"https:\/\/www.europesays.com\/se\/wp-json\/wp\/v2\/posts\/80821\/revisions"}],"wp:featuredmedia":[{"embeddable":true,"href":"https:\/\/www.europesays.com\/se\/wp-json\/wp\/v2\/media\/80822"}],"wp:attachment":[{"href":"https:\/\/www.europesays.com\/se\/wp-json\/wp\/v2\/media?parent=80821"}],"wp:term":[{"taxonomy":"category","embeddable":true,"href":"https:\/\/www.europesays.com\/se\/wp-json\/wp\/v2\/categories?post=80821"},{"taxonomy":"post_tag","embeddable":true,"href":"https:\/\/www.europesays.com\/se\/wp-json\/wp\/v2\/tags?post=80821"}],"curies":[{"name":"wp","href":"https:\/\/api.w.org\/{rel}","templated":true}]}}