{"id":80861,"date":"2025-11-14T17:03:41","date_gmt":"2025-11-14T17:03:41","guid":{"rendered":"https:\/\/www.europesays.com\/se\/80861\/"},"modified":"2025-11-14T17:03:41","modified_gmt":"2025-11-14T17:03:41","slug":"kronika-vi-har-forlorat-ett-av-de-coolaste-och-haftigaste-djuren-pa-jorden-norrtelje-tidning","status":"publish","type":"post","link":"https:\/\/www.europesays.com\/se\/80861\/","title":{"rendered":"KR\u00d6NIKA: Vi har f\u00f6rlorat ett av de coolaste och h\u00e4ftigaste djuren p\u00e5 jorden &#8211; Norrtelje Tidning"},"content":{"rendered":"<ol>\n<li><a href=\"https:\/\/news.google.com\/rss\/articles\/CBMiqwFBVV95cUxOZE1rQ0FMeGtrTFBXc1duc1lackt1OEQtckZKdDJIZUdxeC1ydF84NHcwaVNNRWlyVnhVcHhFUi16RF9mOTJic0ctTkV5UnFnWVVjcElNVTlUSGYxTGpKWTdWMlRzMTRyNXlpNWxiZ2RLX3JSSkYwU3FtNHlZU0hLUUpGbGx3cEp3ZnQxdnJZOWNrR0FsNC05dWhrZElJYWFPLVFPQUxDUldwd2s?oc=5\" target=\"_blank\" rel=\"nofollow noopener\">KR\u00d6NIKA: Vi har f\u00f6rlorat ett av de coolaste och h\u00e4ftigaste djuren p\u00e5 jorden<\/a>&nbsp;&nbsp;Norrtelje Tidning<\/li>\n<li><a href=\"https:\/\/news.google.com\/rss\/articles\/CBMib0FVX3lxTFAxTmxHZjRCdWg2OTV1YVd6ZHpqOThzWmtHS09vRmlVRnUycnBHOWtHbWVlZFk3dDczN3hVUlo1bHp1ekM5MWZ4Zk1LODJWckNxX29yT01FM3NPbkRzNVV0MzJJRTliYV9RTGU4YmdNQQ?oc=5\" target=\"_blank\" rel=\"nofollow noopener\">Nya rapporten: fj\u00e4llugglan \u00e4r utd\u00f6d<\/a>&nbsp;&nbsp;SvD<\/li>\n<li><a href=\"https:\/\/news.google.com\/rss\/articles\/CBMimgFBVV95cUxONE1lWDFGd2FndVBxSmNUVVZNQTJHeFA3YmR5NGdOVVFOa01EaXNVWU5Tb3JsdmplaUhTaHh5MjJWc1pVRUVLNjJuY01TeDBleTlQQnNVeGhJRUgxNkRRRFJZLXM3dW9BSThHYzQxRUxGZkhZUlhmdVRpNUt4RFc4OVV4S3FaWGFXZ2NOSjhtR1VybmlpOE5XTHRn?oc=5\" target=\"_blank\" rel=\"nofollow noopener\">Fj\u00e4llugglan och tornugglan har d\u00f6tt ut<\/a>&nbsp;&nbsp;Aftonbladet<\/li>\n<li><a href=\"https:\/\/news.google.com\/rss\/articles\/CBMimgFBVV95cUxQeHFEVG9ITWZnQUJOckoxeVh4RWtMYW82UzMxeGpsaUxBQmVDQmQ1NWloLWVzd1FJV3NLSTJvTGNjc2tKNklQSkk5a1U2OVVHbTBMUHl4cWpLb0U0NGxnR09pRTJBOVE0N1FPVjE4d2NmVjdfS3M0a2xGV1FqSXhHS3AzZjJRekZhZjFjZGRQQjhXT3RjU1FnVF9R?oc=5\" target=\"_blank\" rel=\"nofollow noopener\">Fj\u00e4llugglan f\u00f6resl\u00e5s klassas som utd\u00f6d \u2013 nya ugglearter v\u00e4ntas p\u00e5 r\u00f6dlistan<\/a>&nbsp;&nbsp;SVT Nyheter<\/li>\n<li><a href=\"https:\/\/news.google.com\/rss\/articles\/CBMikgFBVV95cUxPYWloVlpLdjJURGhvN0FQRktERmxTUFZ0Rkp6VXBXOUJuV2N4YzJ1WGVDbXhPaml1R01PSkZqcXNwU3BKajltNDRwM2FLZXctQnNuTDJybVhjdDFHUTBGblFPem80cjdUbHRRYWxrQm9wVmlqeHpyUFdZMWNjWVd1eGc2MmYxU3VnbXFnWHpwdnozZw?oc=5\" target=\"_blank\" rel=\"nofollow noopener\">Fj\u00e4llugglan \u00e4r utd\u00f6d i Sverige: \u201dInga h\u00e4ckningar alls\u201d<\/a>&nbsp;&nbsp;Sveriges Radio<\/li>\n<\/ol>\n","protected":false},"excerpt":{"rendered":"KR\u00d6NIKA: Vi har f\u00f6rlorat ett av de coolaste och h\u00e4ftigaste djuren p\u00e5 jorden&nbsp;&nbsp;Norrtelje Tidning Nya rapporten: fj\u00e4llugglan \u00e4r&hellip;\n","protected":false},"author":2,"featured_media":80862,"comment_status":"","ping_status":"","sticky":false,"template":"","format":"standard","meta":{"footnotes":""},"categories":[12],"tags":[22,23,26,27,17,21,24,25,28,29,15,16,18,34,31,33,32,30,19,20],"class_list":{"0":"post-80861","1":"post","2":"type-post","3":"status-publish","4":"format-standard","5":"has-post-thumbnail","7":"category-sverige","8":"tag-breaking-news","9":"tag-breakingnews","10":"tag-featured-news","11":"tag-featurednews","12":"tag-headlines","13":"tag-huvudnyheter","14":"tag-latest-news","15":"tag-latestnews","16":"tag-main-news","17":"tag-mainnews","18":"tag-news","19":"tag-nyheter","20":"tag-rubriker","21":"tag-se","22":"tag-svenska","23":"tag-sverige","24":"tag-sweden","25":"tag-swedish","26":"tag-top-stories","27":"tag-topstories"},"share_on_mastodon":{"url":"https:\/\/pubeurope.com\/@se\/115549136833214526","error":""},"_links":{"self":[{"href":"https:\/\/www.europesays.com\/se\/wp-json\/wp\/v2\/posts\/80861","targetHints":{"allow":["GET"]}}],"collection":[{"href":"https:\/\/www.europesays.com\/se\/wp-json\/wp\/v2\/posts"}],"about":[{"href":"https:\/\/www.europesays.com\/se\/wp-json\/wp\/v2\/types\/post"}],"author":[{"embeddable":true,"href":"https:\/\/www.europesays.com\/se\/wp-json\/wp\/v2\/users\/2"}],"replies":[{"embeddable":true,"href":"https:\/\/www.europesays.com\/se\/wp-json\/wp\/v2\/comments?post=80861"}],"version-history":[{"count":0,"href":"https:\/\/www.europesays.com\/se\/wp-json\/wp\/v2\/posts\/80861\/revisions"}],"wp:featuredmedia":[{"embeddable":true,"href":"https:\/\/www.europesays.com\/se\/wp-json\/wp\/v2\/media\/80862"}],"wp:attachment":[{"href":"https:\/\/www.europesays.com\/se\/wp-json\/wp\/v2\/media?parent=80861"}],"wp:term":[{"taxonomy":"category","embeddable":true,"href":"https:\/\/www.europesays.com\/se\/wp-json\/wp\/v2\/categories?post=80861"},{"taxonomy":"post_tag","embeddable":true,"href":"https:\/\/www.europesays.com\/se\/wp-json\/wp\/v2\/tags?post=80861"}],"curies":[{"name":"wp","href":"https:\/\/api.w.org\/{rel}","templated":true}]}}