{"id":80887,"date":"2025-11-14T18:06:10","date_gmt":"2025-11-14T18:06:10","guid":{"rendered":"https:\/\/www.europesays.com\/se\/80887\/"},"modified":"2025-11-14T18:06:10","modified_gmt":"2025-11-14T18:06:10","slug":"peking-skickar-en-ny-varning-till-usa-efter-beslutet-att-salja-vapen-till-taiwan","status":"publish","type":"post","link":"https:\/\/www.europesays.com\/se\/80887\/","title":{"rendered":"Peking skickar en ny varning till USA efter beslutet att s\u00e4lja vapen till Taiwan."},"content":{"rendered":"<p>Publicerad 14 nov 2025 kl 13.17Uppdaterad kl 15.48<\/p>\n<p>Peking skickar en ny varning till USA.<\/p>\n<p>N\u00e4r Vita huset gav gr\u00f6nt ljus till att s\u00e4lja vapen till Taiwan korsade man en \u201dr\u00f6d linje\u201d.<\/p>\n<p>\u2013 Kina \u00e4r starkt missn\u00f6jt, s\u00e4ger utrikedepartementets talesperson Lin Jian.<\/p>\n<p><img loading=\"lazy\"   alt=\"\"\/><\/p>\n<p>Donald Trump.<\/p>\n<p>Foto: DANIEL TOROK \/ WH \/ POLARIS POLARIS IMAGES<\/p>\n<p>\u00d6ppna bild i helsk\u00e4rm<img loading=\"lazy\"   alt=\"\"\/><\/p>\n<p>Xi Jinping.<\/p>\n<p>Foto: PAVEL BEDNYAKOV \/ POOL \/ EPA AP POOL<\/p>\n<p>\u00d6ppna bild i helsk\u00e4rm<img loading=\"lazy\"   alt=\"\"\/> <\/p>\n<p>Foto: DANIEL TOROK\/WHITE HOUSE \/ STELLA PICTURES<\/p>\n<p>\u00d6ppna bild i helsk\u00e4rm<img loading=\"lazy\"   alt=\"\"\/><\/p>\n<p>Taipei.<\/p>\n<p>Foto: Paul Brown \/ SHUTTERSTOCK EDITORIAL\/IBL<\/p>\n<p>\u00d6ppna bild i helsk\u00e4rm<\/p>\n<p>L\u00e4get mellan USA och Kina har l\u00e4nge varit sp\u00e4nt.<\/p>\n<p>Dels p\u00e5 grund av handelskriget, dels p\u00e5 grund av <a href=\"https:\/\/www.expressen.se\/tagg\/location\/taiwan\/\" class=\"\" rel=\"nofollow noopener\" target=\"_blank\">Taiwan<\/a>-fr\u00e5gan.<\/p>\n<p>Nu kan det bli \u00e4nnu taggigare, efter att USA sagt ja till att s\u00e4lja vapen och milit\u00e4r utrustning till Taiwan.\u00a0<\/p>\n<p>Taiwan och Kina <\/p>\n<p> Styret i Peking betraktar Taiwan som en del av Kina, men i praktiken har Taiwan varit sj\u00e4lvstyrande och separat sedan slutet av det kinesiska inb\u00f6rdeskriget 1949 d\u00e5 rivaliserande styren tog \u00f6ver i Peking respektive Taipei.<\/p>\n<p> Kinas president Xi Jinping \u2013 och alla hans f\u00f6retr\u00e4dare som landets kommunistledare \u2013 har pratat om att \u00e5terf\u00f6rena Taiwan med Kina.<\/p>\n<p> Ingen har f\u00f6rs\u00f6kt sig p\u00e5 det. Men de senaste \u00e5ren har Kina satt Taiwan under ett allt h\u00e5rdare milit\u00e4rt och politiskt tryck. Xi Jinping rustar upp sin milit\u00e4r och har gett den till 2027 att g\u00f6ra sig redo i fall ordern kommer.<\/p>\n<p> USA i sin tur har inte erk\u00e4nt Taiwans sj\u00e4lvst\u00e4ndighet, men \u00e4r i praktiken den fr\u00e4msta garanten inf\u00f6r ett kinesiskt hot.<\/p>\n<p>Visa mer<\/p>\n<p>\u201dDen f\u00f6reslagna f\u00f6rs\u00e4ljningen kommer att f\u00f6rb\u00e4ttra mottagarens f\u00f6rm\u00e5ga att m\u00f6ta nuvarande och framtida hot genom att uppr\u00e4tth\u00e5lla den operativa beredskapen hos mottagarens flotta av F-16-, C-130- och andra flygplan\u201d, skriver Pentagon i en kommentar enligt Reuters.<\/p>\n<p>Det \u00e4r f\u00f6rsta g\u00e5ngen det sker sedan Trump valdes om till USA:s president.\u00a0<\/p>\n<p>Aff\u00e4ren rapporteras vara v\u00e4rd motsvarande dryga tre miljarder kronor och handlar om bland annat reservdelar till stridsflygplan.<\/p>\n<p>Peking: R\u00f6d linje<\/p>\n<p>Beskedet har som v\u00e4ntat inte landat helt v\u00e4l i Peking.\u00a0<\/p>\n<p>\u2013 Taiwanfr\u00e5gan \u00e4r den f\u00f6rsta r\u00f6da linjen som inte f\u00e5r korsas i relationen mellan Kina och USA, sa utrikedepartementets talesperson Lin Jian till reportrar i Peking enligt <a href=\"https:\/\/www.reuters.com\/business\/aerospace-defense\/us-state-dept-approves-possible-sale-taiwan-fighter-jet-spare-repair-parts-2025-11-14\/\" rel=\"nofollow noopener\" target=\"_blank\">Reuters<\/a>.<\/p>\n<p>Samtidigt varnade han f\u00f6r att f\u00f6rs\u00e4ljningen \u201dallvarligt kr\u00e4nker\u201d Kinas suver\u00e4nitet, skriver <a href=\"https:\/\/www.newsweek.com\/china-trump-taiwan-news-arms-sale-us-11046144\" rel=\"nofollow noopener\" target=\"_blank\">Newsweek.<\/a><\/p>\n<p>\u2013 Kina kommer att vidta alla n\u00f6dv\u00e4ndiga \u00e5tg\u00e4rder f\u00f6r att fortsatt skydda sin nationella suver\u00e4nitet, s\u00e4kerhet och territoriella integritet, tillade Lin Jian.\u00a0<\/p>\n<p>M\u00f6tet i Sydkorea<\/p>\n<p>Kinas ilska \u00f6ver USA:s vapenf\u00f6rs\u00e4ljning till Taiwan kommer tv\u00e5 veckor efter <a href=\"https:\/\/www.expressen.se\/nyheter\/varlden\/usa-ska-testa-karnvapen-trumps-besked-infor-motet-med-xi\/\" rel=\"nofollow noopener\" target=\"_blank\">det f\u00f6rsta m\u00f6tet p\u00e5 sex \u00e5r mellan Trump och Xi Jinping.<\/a><\/p>\n<p>Toppm\u00f6tet i sydkoreanska hamnstaden Busan v\u00e4ckte f\u00f6rhoppningar om stabila band mellan v\u00e4rldens tv\u00e5 st\u00f6rsta ekonomier.\u00a0<\/p>\n<p>Medan Trump kallade m\u00f6tet f\u00f6r \u201dfantastiskt\u201d, n\u00f6jde sig Kina sig med att notera att \u201dkonsensus n\u00e5tts kring att l\u00f6sa\u201d viktiga ekonomi- och handelsfr\u00e5gor.<\/p>\n<p>B\u00e5da l\u00e4nderna har tidigare signalerat att Trump ska bes\u00f6ka Kina n\u00e4sta \u00e5r. N\u00e5got datum har inte kommunicerats.\u00a0<\/p>\n<p><strong>L\u00c4S MER: <\/strong><a href=\"https:\/\/www.expressen.se\/nyheter\/varlden\/japan-och-kina-i-ordkrig-efter-taiwanuttalandet\/\" class=\"\" rel=\"nofollow noopener\" target=\"_blank\">Japan och Kina i ordkrig \u2013 efter Taiwanuttalandet<\/a><\/p>\n","protected":false},"excerpt":{"rendered":"Publicerad 14 nov 2025 kl 13.17Uppdaterad kl 15.48 Peking skickar en ny varning till USA. N\u00e4r Vita huset&hellip;\n","protected":false},"author":2,"featured_media":80888,"comment_status":"","ping_status":"","sticky":false,"template":"","format":"standard","meta":{"footnotes":""},"categories":[5],"tags":[22,23,26,27,17,21,24,25,972,4249,28,29,15,16,18,34,55,31,33,32,30,19,20],"class_list":{"0":"post-80887","1":"post","2":"type-post","3":"status-publish","4":"format-standard","5":"has-post-thumbnail","7":"category-rubriker","8":"tag-breaking-news","9":"tag-breakingnews","10":"tag-featured-news","11":"tag-featurednews","12":"tag-headlines","13":"tag-huvudnyheter","14":"tag-latest-news","15":"tag-latestnews","16":"tag-location-kina","17":"tag-location-taiwan","18":"tag-main-news","19":"tag-mainnews","20":"tag-news","21":"tag-nyheter","22":"tag-rubriker","23":"tag-se","24":"tag-sections-varlden","25":"tag-svenska","26":"tag-sverige","27":"tag-sweden","28":"tag-swedish","29":"tag-top-stories","30":"tag-topstories"},"share_on_mastodon":{"url":"https:\/\/pubeurope.com\/@se\/115549384419306102","error":""},"_links":{"self":[{"href":"https:\/\/www.europesays.com\/se\/wp-json\/wp\/v2\/posts\/80887","targetHints":{"allow":["GET"]}}],"collection":[{"href":"https:\/\/www.europesays.com\/se\/wp-json\/wp\/v2\/posts"}],"about":[{"href":"https:\/\/www.europesays.com\/se\/wp-json\/wp\/v2\/types\/post"}],"author":[{"embeddable":true,"href":"https:\/\/www.europesays.com\/se\/wp-json\/wp\/v2\/users\/2"}],"replies":[{"embeddable":true,"href":"https:\/\/www.europesays.com\/se\/wp-json\/wp\/v2\/comments?post=80887"}],"version-history":[{"count":0,"href":"https:\/\/www.europesays.com\/se\/wp-json\/wp\/v2\/posts\/80887\/revisions"}],"wp:featuredmedia":[{"embeddable":true,"href":"https:\/\/www.europesays.com\/se\/wp-json\/wp\/v2\/media\/80888"}],"wp:attachment":[{"href":"https:\/\/www.europesays.com\/se\/wp-json\/wp\/v2\/media?parent=80887"}],"wp:term":[{"taxonomy":"category","embeddable":true,"href":"https:\/\/www.europesays.com\/se\/wp-json\/wp\/v2\/categories?post=80887"},{"taxonomy":"post_tag","embeddable":true,"href":"https:\/\/www.europesays.com\/se\/wp-json\/wp\/v2\/tags?post=80887"}],"curies":[{"name":"wp","href":"https:\/\/api.w.org\/{rel}","templated":true}]}}