{"id":81011,"date":"2025-11-14T22:38:22","date_gmt":"2025-11-14T22:38:22","guid":{"rendered":"https:\/\/www.europesays.com\/se\/81011\/"},"modified":"2025-11-14T22:38:22","modified_gmt":"2025-11-14T22:38:22","slug":"just-nu-stopp-pa-e4-pa-grund-av-olycka-med-flera-lastbilar-corren","status":"publish","type":"post","link":"https:\/\/www.europesays.com\/se\/81011\/","title":{"rendered":"Just nu: Stopp p\u00e5 E4 p\u00e5 grund av olycka med flera lastbilar &#8211; Corren"},"content":{"rendered":"<ol>\n<li><a href=\"https:\/\/news.google.com\/rss\/articles\/CBMivwFBVV95cUxNUXpyeWdhRWh4YUZWdUpyUFd3SEZtUVNFTEFNRjJOZml5RjRXd21XSWJUMzh0OUVBZG83QjNacDBWRWk5czliam5rdHBnX0FjQnQ3amQxQ0EwZUFDemNTU0RzejNWekQ2UEpvTUJwaHQ1NFNMVGh4NlowaVhHN1FUazZjNVFmTUIycjlSaGQ3UmtodlZmdGRaUUVsZE1fekwyakI1THFnTUh2cjBDcmI4enJuczFWMDZrZ0ZibWxKRQ?oc=5\" target=\"_blank\" rel=\"nofollow noopener\">Just nu: Stopp p\u00e5 E4 p\u00e5 grund av olycka med flera lastbilar<\/a>&nbsp;&nbsp;Corren<\/li>\n<li><a href=\"https:\/\/news.google.com\/rss\/articles\/CBMiigFBVV95cUxQY2wtMVJGWWVvbG5uY1JQQ1oxQ09KZnd2cVZxOFNPRHJha0pGbHpvTWk3NWotT3Z6eldsQU1UMXIxb05Bc2FNWHk1UXo5VUh2Sm9kaEdCUWJZUnBQSDhoTjN2elp3QXFCUzN1TDFGbm1qRFBfTEE4UVpJdkdsWUxjXzhENlUyQ09hRFE?oc=5\" target=\"_blank\" rel=\"nofollow noopener\">Buss har rammat busskur \u2013 flera skadade<\/a>&nbsp;&nbsp;Aftonbladet<\/li>\n<li><a href=\"https:\/\/news.google.com\/rss\/articles\/CBMimwFBVV95cUxNR095aWhNT2tjSEtSX3VFeTV2RzFUbHpTSUc4RklscDBXMGZpeGFvZ2tuYXBlaWF0NnJHUERUMm45b2hKMWRDNzJWNWM5M0ozNnZ5N3FyRHNGNlppV3ctQldsWHA4Qk9tWkRTREN2U3NCa0tEd3RqY3JzRWdqQzRGMWtpaXJWUVVoWHNPTUhMbmNnekdudEh0ckI0dw?oc=5\" target=\"_blank\" rel=\"nofollow noopener\">Buss och tv\u00e5 lastbilar i kollision p\u00e5 E4 i Pitsund<\/a>&nbsp;&nbsp;SVT Nyheter<\/li>\n<li><a href=\"https:\/\/news.google.com\/rss\/articles\/CBMibEFVX3lxTE5oRk1BZ19udjhrN0w4dVEzQk1JRnRQSXJTazVrU05QMVpkdm1CYVlhdmVCNWhmWmhWSVBLQjJ2a2hGdW4wX0dISC0xTDhqclBKUmJyS0FjU0ROYzBHTG1aSHBwam8xSnBpMS1xMw?oc=5\" target=\"_blank\" rel=\"nofollow noopener\">Olycka mellan lastbilar p\u00e5 E4<\/a>&nbsp;&nbsp;HD \u2013 Nyheter Dygnet Runt<\/li>\n<li><a href=\"https:\/\/news.google.com\/rss\/articles\/CBMirAFBVV95cUxPemk4Y0t0QldEQ19fdnlRMmdiN05uS2U2aXk4SWd1eDRKT2hWSXp2bmdkSTY3M3VkVUpaa3ZTSmdlRjdWc1pWOFptWnRWbThWQ0NmdGgyV1dTeldibVJYbktRdEhMblhmYnlpNzJlTjdGYlhSME5JLWpSeEhFYWY1VTRrM0NvZG83LTVMSlBaWklDRGtzUHJUM3c3dlFiOEtHaVEwMUdKRGFRVFE2?oc=5\" target=\"_blank\" rel=\"nofollow noopener\">Chauff\u00f6r fr\u00e5n Skellefte\u00e5 till sjukhus efter krock p\u00e5 E4<\/a>&nbsp;&nbsp;Norran<\/li>\n<\/ol>\n","protected":false},"excerpt":{"rendered":"Just nu: Stopp p\u00e5 E4 p\u00e5 grund av olycka med flera lastbilar&nbsp;&nbsp;Corren Buss har rammat busskur \u2013 flera&hellip;\n","protected":false},"author":2,"featured_media":81012,"comment_status":"","ping_status":"","sticky":false,"template":"","format":"standard","meta":{"footnotes":""},"categories":[5],"tags":[22,23,26,27,17,21,24,25,28,29,15,16,18,34,31,33,32,30,19,20],"class_list":{"0":"post-81011","1":"post","2":"type-post","3":"status-publish","4":"format-standard","5":"has-post-thumbnail","7":"category-rubriker","8":"tag-breaking-news","9":"tag-breakingnews","10":"tag-featured-news","11":"tag-featurednews","12":"tag-headlines","13":"tag-huvudnyheter","14":"tag-latest-news","15":"tag-latestnews","16":"tag-main-news","17":"tag-mainnews","18":"tag-news","19":"tag-nyheter","20":"tag-rubriker","21":"tag-se","22":"tag-svenska","23":"tag-sverige","24":"tag-sweden","25":"tag-swedish","26":"tag-top-stories","27":"tag-topstories"},"share_on_mastodon":{"url":"https:\/\/pubeurope.com\/@se\/115550453918708980","error":""},"_links":{"self":[{"href":"https:\/\/www.europesays.com\/se\/wp-json\/wp\/v2\/posts\/81011","targetHints":{"allow":["GET"]}}],"collection":[{"href":"https:\/\/www.europesays.com\/se\/wp-json\/wp\/v2\/posts"}],"about":[{"href":"https:\/\/www.europesays.com\/se\/wp-json\/wp\/v2\/types\/post"}],"author":[{"embeddable":true,"href":"https:\/\/www.europesays.com\/se\/wp-json\/wp\/v2\/users\/2"}],"replies":[{"embeddable":true,"href":"https:\/\/www.europesays.com\/se\/wp-json\/wp\/v2\/comments?post=81011"}],"version-history":[{"count":0,"href":"https:\/\/www.europesays.com\/se\/wp-json\/wp\/v2\/posts\/81011\/revisions"}],"wp:featuredmedia":[{"embeddable":true,"href":"https:\/\/www.europesays.com\/se\/wp-json\/wp\/v2\/media\/81012"}],"wp:attachment":[{"href":"https:\/\/www.europesays.com\/se\/wp-json\/wp\/v2\/media?parent=81011"}],"wp:term":[{"taxonomy":"category","embeddable":true,"href":"https:\/\/www.europesays.com\/se\/wp-json\/wp\/v2\/categories?post=81011"},{"taxonomy":"post_tag","embeddable":true,"href":"https:\/\/www.europesays.com\/se\/wp-json\/wp\/v2\/tags?post=81011"}],"curies":[{"name":"wp","href":"https:\/\/api.w.org\/{rel}","templated":true}]}}