{"id":81100,"date":"2025-11-15T03:50:12","date_gmt":"2025-11-15T03:50:12","guid":{"rendered":"https:\/\/www.europesays.com\/se\/81100\/"},"modified":"2025-11-15T03:50:12","modified_gmt":"2025-11-15T03:50:12","slug":"garmins-smartklockor-far-en-ny-betaversion-med-forbattringar-och-buggfixar","status":"publish","type":"post","link":"https:\/\/www.europesays.com\/se\/81100\/","title":{"rendered":"Garmins smartklockor f\u00e5r en ny betaversion med f\u00f6rb\u00e4ttringar och buggfixar"},"content":{"rendered":"<p>\t\t<a href=\"https:\/\/www.notebookcheck.se\/fileadmin\/Notebooks\/News\/_nc5\/Garmin-Instinct-3-beta-version-12.19.jpg\" data-caption=\"Garmins Instinct 3 smartwatch (bilden) f\u00e5r betaversion 12.19. (Bildk\u00e4lla: Garmin)\" rel=\"nofollow noopener\" target=\"_blank\"><img decoding=\"async\" src=\"https:\/\/www.europesays.com\/se\/wp-content\/uploads\/2025\/11\/csm_Garmin-Instinct-3-beta-version-12.19_9f4c689824.jpg\" loading=\"lazy\" fetchpriority=\"high\" width=\"240\" height=\"180\" alt=\"Garmins Instinct 3 smartwatch (bilden) f\u00e5r betaversion 12.19. (Bildk\u00e4lla: Garmin)\"\/><\/a>Garmins Instinct 3 smartwatch (bilden) f\u00e5r betaversion 12.19. (Bildk\u00e4lla: Garmin)<\/p>\n<p>Garmin har sl\u00e4ppt en ny betaversion, version 12.19, f\u00f6r smartklockorna Instinct 3, Instinct Crossover och Instinct E. \u00c4ndringsloggen f\u00f6r den h\u00e4r versionen \u00e4r minimal och s\u00e4ger att den ger olika f\u00f6rb\u00e4ttringar och buggfixar till anv\u00e4ndarna. Dessa wearables har nyligen f\u00e5tt nya funktioner, inklusive h\u00e4lsostatus och ett extra dataf\u00e4lt f\u00f6r urtavlan.<\/p>\n<p class=\"bodytext\">Garmin Instinct 3 AMOLED, Instinct 3 Solar, Instinct 3 Tactical, Instinct Crossover och Instinct E smartklockor f\u00e5r en ny betauppdatering. Programvaran <a href=\"https:\/\/forums.garmin.com\/beta-program\/instinct-3\/f\/announcements\/426055\/beta-version-12-19---available-ota\" target=\"_blank\" class=\"external-link-new-window\" rel=\"nofollow noopener\">betaversion 12.19<\/a> kommer bara n\u00e5gra dagar efter att <a href=\"http:\/\/www.notebookcheck.net\/Garmin-releases-new-update-to-mid-range-smartwatches-with-future-stable-firmware-on-the-horizon.1161477.0.html\" target=\"_self\" class=\"internal-link\" rel=\"nofollow noopener\">betaversion 12.18 sl\u00e4pptes<\/a>.<br \/>&#13;<\/p>\n<p class=\"bodytext\">\u00c4ndringsloggen f\u00f6r Garmin betaversion 12.19 s\u00e4ger helt enkelt att den ger &#8221;diverse buggfixar och f\u00f6rb\u00e4ttringar&#8221;, utan att beskriva dessa problem. Som s\u00e5dan \u00e4r det oklart om f\u00f6retaget \u00e5terigen har hanterat problem kopplade till den snabbare \u00e4n f\u00f6rv\u00e4ntade batteridr\u00e4neringen, som noterats med <a href=\"http:\/\/www.notebookcheck.net\/Garmin-introduces-new-updates-for-multiple-smartwatches-to-fix-CIQ-watch-face-battery-drain-while-adding-Health-Status-and-Pulse-Ox-features.1158532.0.html\" target=\"_self\" class=\"internal-link\" rel=\"nofollow noopener\">version 12.17<\/a>. Tydligen upplevdes denna bugg av vissa anv\u00e4ndare n\u00e4r de anv\u00e4nde vissa Connect IQ-klockansikten. Det kan ocks\u00e5 l\u00f6sa ett problem som flaggats av en anv\u00e4ndare i <a href=\"https:\/\/forums.garmin.com\/beta-program\/instinct-3\/instinct-3---public-beta-bug-reports\/i\/public-beta-12-xx\/treadmill-activity\" target=\"_blank\" class=\"external-link-new-window\" rel=\"nofollow noopener\">Beta Bug Reports avsnitt<\/a>treadmill-aktiviteten listades flera g\u00e5nger i listan \u00f6ver Running-aktiviteter. Garmin har dock inte bekr\u00e4ftat i tr\u00e5den att de har \u00e5tg\u00e4rdat detta problem.<br \/>&#13;<\/p>\n<p class=\"bodytext\">Ett av de senaste till\u00e4ggen till Garmin Instinct 3 och relaterade smartklockor var st\u00f6d f\u00f6r <a href=\"http:\/\/www.notebookcheck.net\/New-Garmin-sleep-related-feature-already-available-for-some-users.1120657.0.html\" target=\"_self\" class=\"internal-link\" rel=\"nofollow noopener\">H\u00e4lsostatus<\/a>. Denna s\u00f6mnrelaterade insikt hj\u00e4lper anv\u00e4ndare att f\u00f6rst\u00e5 sitt v\u00e4lbefinnande genom att j\u00e4mf\u00f6ra senaste data med deras personliga baslinje. Plus, i <a href=\"http:\/\/www.notebookcheck.net\/Garmin-introduces-new-updates-for-multiple-smartwatches-to-fix-CIQ-watch-face-battery-drain-while-adding-Health-Status-and-Pulse-Ox-features.1158532.0.html\" target=\"_self\" class=\"internal-link\" rel=\"nofollow noopener\">betaversion 12.17<\/a>fick dessa wearables ocks\u00e5 ett nytt alternativ f\u00f6r Pulse Ox-dataf\u00e4lt f\u00f6r urtavlan.<br \/>&#13;<\/p>\n<p class=\"bodytext\">I ett <a href=\"https:\/\/forums.garmin.com\/beta-program\/instinct-3\/f\/announcements\/426055\/beta-version-12-19---available-ota\" target=\"_blank\" class=\"external-link-new-window\" rel=\"nofollow noopener\">inl\u00e4gg p\u00e5 Garmin Forum<\/a>noterade en teammedlem att beta-programvaruversion 12.19 skickades till ber\u00e4ttigade anv\u00e4ndare \u00f6ver luften (OTA). Det \u00e5terst\u00e5r att se n\u00e4r en offentlig version av 12.xx-programvaran kan rulla ut till alla anv\u00e4ndare av Instinct 3 smartwatch<a href=\"https:\/\/www.amazon.com\/Garmin-Instinct%C2%AE-Smartwatch-Metal-Reinforced-Flashlight\/dp\/B0DSC8JF59\/?tag=nbcnewsnet-20\" target=\"_blank\" rel=\"sponsored nofollow noopener\" class=\"external-link-new-window\">(45mm AMOLED, Black, curr. $ 349,99 p\u00e5 Amazon)<\/a>. <\/p>\n<p><a href=\"\"><img decoding=\"async\" src=\"https:\/\/www.europesays.com\/se\/wp-content\/uploads\/2025\/11\/csm_polly_nbc_97c838175b.jpg\" loading=\"lazy\" width=\"120\" height=\"120\" alt=\"Polly Allcock\"\/><\/a><a href=\"\"><img decoding=\"async\" src=\"https:\/\/www.europesays.com\/se\/wp-content\/uploads\/2025\/11\/1763174654_470_csm_ninh_duy_ee54bf9777.jpg\" loading=\"lazy\" width=\"120\" height=\"120\" alt=\"Ninh Duy\"\/><\/a>Translator: <a href=\"\" class=\"j_name\">Ninh Ngoc Duy<\/a> &#8211; Editorial Assistant  &#8211; 657072 articles published on Notebookcheck since 2008<\/p>\n","protected":false},"excerpt":{"rendered":"Garmins Instinct 3 smartwatch (bilden) f\u00e5r betaversion 12.19. (Bildk\u00e4lla: Garmin) Garmin har sl\u00e4ppt en ny betaversion, version 12.19,&hellip;\n","protected":false},"author":2,"featured_media":81101,"comment_status":"","ping_status":"","sticky":false,"template":"","format":"standard","meta":{"footnotes":""},"categories":[66],"tags":[7427,7282,7083,7277,7423,7430,7429,7428,7425,7424,7084,7085,80,78,79,34,7281,31,33,32,30,81,84,7426,83,82],"class_list":{"0":"post-81100","1":"post","2":"type-post","3":"status-publish","4":"format-standard","5":"has-post-thumbnail","7":"category-vetenskap-och-teknik","8":"tag-12-19","9":"tag-barbar","10":"tag-barbar-dator","11":"tag-garmin","12":"tag-garmin-instinct","13":"tag-garmin-instinct-3","14":"tag-garmin-instinct-3-taktisk-uppdatering","15":"tag-garmin-instinct-3-uppdatering","16":"tag-instinct-3","17":"tag-instinct-e","18":"tag-laptop","19":"tag-notebook","20":"tag-science","21":"tag-science-and-technology","22":"tag-scienceandtechnology","23":"tag-se","24":"tag-smartklocka","25":"tag-svenska","26":"tag-sverige","27":"tag-sweden","28":"tag-swedish","29":"tag-technology","30":"tag-teknik","31":"tag-version-12-19","32":"tag-vetenskap","33":"tag-vetenskapteknik"},"share_on_mastodon":{"url":"https:\/\/pubeurope.com\/@se\/115551680973121908","error":""},"_links":{"self":[{"href":"https:\/\/www.europesays.com\/se\/wp-json\/wp\/v2\/posts\/81100","targetHints":{"allow":["GET"]}}],"collection":[{"href":"https:\/\/www.europesays.com\/se\/wp-json\/wp\/v2\/posts"}],"about":[{"href":"https:\/\/www.europesays.com\/se\/wp-json\/wp\/v2\/types\/post"}],"author":[{"embeddable":true,"href":"https:\/\/www.europesays.com\/se\/wp-json\/wp\/v2\/users\/2"}],"replies":[{"embeddable":true,"href":"https:\/\/www.europesays.com\/se\/wp-json\/wp\/v2\/comments?post=81100"}],"version-history":[{"count":0,"href":"https:\/\/www.europesays.com\/se\/wp-json\/wp\/v2\/posts\/81100\/revisions"}],"wp:featuredmedia":[{"embeddable":true,"href":"https:\/\/www.europesays.com\/se\/wp-json\/wp\/v2\/media\/81101"}],"wp:attachment":[{"href":"https:\/\/www.europesays.com\/se\/wp-json\/wp\/v2\/media?parent=81100"}],"wp:term":[{"taxonomy":"category","embeddable":true,"href":"https:\/\/www.europesays.com\/se\/wp-json\/wp\/v2\/categories?post=81100"},{"taxonomy":"post_tag","embeddable":true,"href":"https:\/\/www.europesays.com\/se\/wp-json\/wp\/v2\/tags?post=81100"}],"curies":[{"name":"wp","href":"https:\/\/api.w.org\/{rel}","templated":true}]}}